{"id":7525,"date":"2020-06-29T17:38:49","date_gmt":"2020-06-29T20:38:49","guid":{"rendered":"https:\/\/www.inovelondrina.com.br\/agencia\/?p=7525"},"modified":"2020-07-09T17:41:53","modified_gmt":"2020-07-09T20:41:53","slug":"pronto-socorro-do-evangelico-fecha-por-72-horas-2","status":"publish","type":"post","link":"https:\/\/www.inovelondrina.com.br\/agencia\/pronto-socorro-do-evangelico-fecha-por-72-horas-2\/","title":{"rendered":"Pronto-socorro do Evang\u00e9lico fecha por 72 horas"},"content":{"rendered":"<p>O Hospital Evang\u00e9lico (HE) de Londrina comunicou que suspendeu os atendimentos em seu pronto-socorro SUS (Sistema \u00danico de Sa\u00fade) por 72 horas. Tal medida se fez necess\u00e1ria para a seguran\u00e7a dos pacientes e colaboradores da institui\u00e7\u00e3o.<\/p>\n<p>O motivo foi a confirma\u00e7\u00e3o de suspeita (sorologia positiva e tomografia altamente sugestiva) para o diagn\u00f3stico de Covid-19 por um paciente regulado via SAMU (Servi\u00e7o de Atendimento M\u00f3vel de Urg\u00eancia) para o pronto-socorro do hospital.<\/p>\n<p>O paciente de 68 anos deu entrada no HE \u00e0s 5h15, com diagn\u00f3stico de pneumonia em tratamento e insufici\u00eancia card\u00edaca. O mesmo estava em processo p\u00f3s-operat\u00f3rio de um procedimento card\u00edaco realizado 15 dias atr\u00e1s no Hospital Norte Paranaense de Arapongas.<\/p>\n<p>Na tarde de sexta-feira (27), ap\u00f3s os resultados dos exames, foi determinado o fechamento\u00a0imediato da ala pronto-socorro e solicitada transfer\u00eancia do paciente. O mesmo foi transferido para um hospital de refer\u00eancia, onde permanece em tratamento.<\/p>\n<div class=\"google-auto-placed ap_container\"><ins class=\"adsbygoogle adsbygoogle-noablate\" data-ad-format=\"auto\" data-ad-client=\"ca-pub-6864442744075982\" data-adsbygoogle-status=\"done\"><ins id=\"aswift_2_expand\"><ins id=\"aswift_2_anchor\"><iframe loading=\"lazy\" id=\"aswift_2\" src=\"https:\/\/googleads.g.doubleclick.net\/pagead\/ads?client=ca-pub-6864442744075982&amp;output=html&amp;h=280&amp;adk=2781190798&amp;adf=3015777850&amp;w=703&amp;fwrn=4&amp;fwrnh=100&amp;lmt=1594327166&amp;num_ads=1&amp;rafmt=1&amp;armr=3&amp;sem=mc&amp;pwprc=9760201455&amp;psa=1&amp;guci=2.2.0.0.2.2.0.0&amp;ad_type=text_image&amp;format=703x280&amp;url=https%3A%2F%2Fwww.paiquere.com.br%2Fhospital-evangelico-suspende-atendimentos-no-pronto-socorro-sus-por-72-horas%2F&amp;flash=0&amp;fwr=0&amp;pra=3&amp;rh=176&amp;rw=703&amp;rpe=1&amp;resp_fmts=3&amp;wgl=1&amp;fa=27&amp;adsid=NT&amp;dt=1594327166188&amp;bpp=14&amp;bdt=5973&amp;idt=16&amp;shv=r20200707&amp;cbv=r20190131&amp;ptt=9&amp;saldr=aa&amp;abxe=1&amp;cookie=ID%3D7e6cf4546160e2e5%3AT%3D1594327163%3AS%3DALNI_MbuzwHYmmgj6mhjuPPeoHL_y9UOzQ&amp;prev_fmts=335x250%2C0x0&amp;nras=2&amp;correlator=5413700377974&amp;frm=20&amp;pv=1&amp;ga_vid=1104211708.1594327163&amp;ga_sid=1594327164&amp;ga_hid=808965872&amp;ga_fc=0&amp;icsg=2410129488084991&amp;dssz=59&amp;mdo=0&amp;mso=0&amp;u_tz=-180&amp;u_his=1&amp;u_java=1&amp;u_h=768&amp;u_w=1366&amp;u_ah=728&amp;u_aw=1366&amp;u_cd=24&amp;u_nplug=1&amp;u_nmime=1&amp;adx=60&amp;ady=1792&amp;biw=1202&amp;bih=576&amp;scr_x=0&amp;scr_y=686&amp;eid=21066416&amp;oid=3&amp;pvsid=1944963397636842&amp;pem=890&amp;rx=0&amp;eae=0&amp;fc=384&amp;brdim=64%2C36%2C64%2C36%2C1366%2C%2C1234%2C658%2C1218%2C576&amp;vis=1&amp;rsz=%7C%7Cs%7C&amp;abl=NS&amp;fu=8336&amp;bc=13&amp;ifi=3&amp;uci=a!3&amp;btvi=1&amp;xpc=RxlIbVZt1U&amp;p=https%3A\/\/www.paiquere.com.br&amp;dtd=357\" name=\"aswift_2\" width=\"703\" height=\"280\" frameborder=\"0\" marginwidth=\"0\" marginheight=\"0\" scrolling=\"no\" allowfullscreen=\"allowfullscreen\" data-google-container-id=\"a!3\" data-load-complete=\"true\" data-google-query-id=\"CLCCocODweoCFQhWFQgdDq0GtA\" data-mce-fragment=\"1\"><\/iframe><\/ins><\/ins><\/ins><\/div>\n<p>O Hospital Evang\u00e9lico refor\u00e7ou que tal medida de car\u00e1ter preventivo se faz necess\u00e1ria para a realoca\u00e7\u00e3o dos pacientes com contato pr\u00f3ximo para outras alas e posterior desinfec\u00e7\u00e3o do ambiente.<\/p>\n","protected":false},"excerpt":{"rendered":"<p>O Hospital Evang\u00e9lico (HE) de Londrina comunicou que suspendeu os atendimentos em seu pronto-socorro SUS (Sistema \u00danico de Sa\u00fade) por 72 horas. Tal medida se fez<span class=\"excerpt-hellip\"> [?]<\/span><\/p>\n","protected":false},"author":111,"featured_media":6228,"comment_status":"closed","ping_status":"open","sticky":false,"template":"","format":"standard","meta":{"_joinchat":[],"footnotes":""},"categories":[171],"tags":[],"class_list":["post-7525","post","type-post","status-publish","format-standard","has-post-thumbnail","hentry","category-hospital-evangelico"],"_links":{"self":[{"href":"https:\/\/www.inovelondrina.com.br\/agencia\/wp-json\/wp\/v2\/posts\/7525","targetHints":{"allow":["GET"]}}],"collection":[{"href":"https:\/\/www.inovelondrina.com.br\/agencia\/wp-json\/wp\/v2\/posts"}],"about":[{"href":"https:\/\/www.inovelondrina.com.br\/agencia\/wp-json\/wp\/v2\/types\/post"}],"author":[{"embeddable":true,"href":"https:\/\/www.inovelondrina.com.br\/agencia\/wp-json\/wp\/v2\/users\/111"}],"replies":[{"embeddable":true,"href":"https:\/\/www.inovelondrina.com.br\/agencia\/wp-json\/wp\/v2\/comments?post=7525"}],"version-history":[{"count":0,"href":"https:\/\/www.inovelondrina.com.br\/agencia\/wp-json\/wp\/v2\/posts\/7525\/revisions"}],"wp:featuredmedia":[{"embeddable":true,"href":"https:\/\/www.inovelondrina.com.br\/agencia\/wp-json\/wp\/v2\/media\/6228"}],"wp:attachment":[{"href":"https:\/\/www.inovelondrina.com.br\/agencia\/wp-json\/wp\/v2\/media?parent=7525"}],"wp:term":[{"taxonomy":"category","embeddable":true,"href":"https:\/\/www.inovelondrina.com.br\/agencia\/wp-json\/wp\/v2\/categories?post=7525"},{"taxonomy":"post_tag","embeddable":true,"href":"https:\/\/www.inovelondrina.com.br\/agencia\/wp-json\/wp\/v2\/tags?post=7525"}],"curies":[{"name":"wp","href":"https:\/\/api.w.org\/{rel}","templated":true}]}}