{"id":7523,"date":"2020-06-26T17:38:35","date_gmt":"2020-06-26T20:38:35","guid":{"rendered":"https:\/\/www.inovelondrina.com.br\/agencia\/?p=7523"},"modified":"2020-07-09T18:06:27","modified_gmt":"2020-07-09T21:06:27","slug":"pronto-socorro-do-evangelico-fecha-por-72-horas","status":"publish","type":"post","link":"https:\/\/www.inovelondrina.com.br\/agencia\/pronto-socorro-do-evangelico-fecha-por-72-horas\/","title":{"rendered":"Pronto-socorro do Evang\u00e9lico fecha por 72 horas"},"content":{"rendered":"<div class=\"conteudo\">\n<p>O Hospital Evang\u00e9lico de Londrina suspendeu os atendimentos no pronto-socorro, que atende o Sistema \u00danico de Sa\u00fade (SUS) por 72 horas, a come\u00e7ar deste domingo. O motivo foi a confirma\u00e7\u00e3o de Covid-19 por um paciente enviado pelo SAMU. O homem de 68 anos deu entrada no HE \u00e0s 5h15, com diagn\u00f3stico de pneumonia em tratamento e insufici\u00eancia card\u00edaca. H\u00e1 15 dias ele havia feito uma cirurgia card\u00edaca no Hospital Norte Paranaense de Arapongas (Honpar). Agora, ele foi transferido para o Hospital Universit\u00e1rio (HU) e o Evang\u00e9lico n\u00e3o vai receber novos pacientes at\u00e9 que a ala seja totalmente desinfetada.<\/p>\n<p>&nbsp;<\/p>\n<p>Essa \u00e9 a segunda vez que o PS \u00e9 fechado pelo mesmo motivo desde o in\u00edcio da pandemia. Isso ocorreu no final de maio. Um homem de 84 anos de Santo Ant\u00f4nio da Platina, transferido pela central de leitos entrou no pronto-socorro com diagn\u00f3stico de pneumonia em tratamento, sepse e embolia pulmonar. Depois, foi confirmado que ele estava com Covid-19. A ala ficou fechada por 72 horas.<\/p>\n<p>&nbsp;<\/p>\n<p>O Honpar tamb\u00e9m est\u00e1 com restri\u00e7\u00e3o de atendimento depois de identificar casos positivos em pacientes e funcion\u00e1rios do hospital. Por conta disso, nesta semana todos v\u00e3o passar por exames para diagnosticar a situa\u00e7\u00e3o. Foram suspensos os internamentos, exames e cirurgias. Continuam sendo recebidos apenas os pacientes com a Covid-19 confirmada, porque s\u00e3o atendidos em uma ala totalmente separada, al\u00e9m dos casos de urg\u00eancia e emerg\u00eancia. A medida \u00e9 de precau\u00e7\u00e3o, o hospital volta com o atendimento normal, caso os exames estejam negativos para o coronav\u00edrus.<\/p>\n<\/div>\n<div class=\"item-por\"><a href=\"https:\/\/cbnlondrina.com.br\/materias\/pronto-socorro-do-hospital-evangelico-fecha-por-72-horas\">Por <b>Claudia Lima<\/b><\/a><\/div>\n","protected":false},"excerpt":{"rendered":"<p>O Hospital Evang\u00e9lico de Londrina suspendeu os atendimentos no pronto-socorro, que atende o Sistema \u00danico de Sa\u00fade (SUS) por 72 horas, a come\u00e7ar deste domingo. O<span class=\"excerpt-hellip\"> [?]<\/span><\/p>\n","protected":false},"author":111,"featured_media":4319,"comment_status":"closed","ping_status":"open","sticky":false,"template":"","format":"standard","meta":{"_joinchat":[],"footnotes":""},"categories":[171],"tags":[],"class_list":["post-7523","post","type-post","status-publish","format-standard","has-post-thumbnail","hentry","category-hospital-evangelico"],"_links":{"self":[{"href":"https:\/\/www.inovelondrina.com.br\/agencia\/wp-json\/wp\/v2\/posts\/7523","targetHints":{"allow":["GET"]}}],"collection":[{"href":"https:\/\/www.inovelondrina.com.br\/agencia\/wp-json\/wp\/v2\/posts"}],"about":[{"href":"https:\/\/www.inovelondrina.com.br\/agencia\/wp-json\/wp\/v2\/types\/post"}],"author":[{"embeddable":true,"href":"https:\/\/www.inovelondrina.com.br\/agencia\/wp-json\/wp\/v2\/users\/111"}],"replies":[{"embeddable":true,"href":"https:\/\/www.inovelondrina.com.br\/agencia\/wp-json\/wp\/v2\/comments?post=7523"}],"version-history":[{"count":0,"href":"https:\/\/www.inovelondrina.com.br\/agencia\/wp-json\/wp\/v2\/posts\/7523\/revisions"}],"wp:featuredmedia":[{"embeddable":true,"href":"https:\/\/www.inovelondrina.com.br\/agencia\/wp-json\/wp\/v2\/media\/4319"}],"wp:attachment":[{"href":"https:\/\/www.inovelondrina.com.br\/agencia\/wp-json\/wp\/v2\/media?parent=7523"}],"wp:term":[{"taxonomy":"category","embeddable":true,"href":"https:\/\/www.inovelondrina.com.br\/agencia\/wp-json\/wp\/v2\/categories?post=7523"},{"taxonomy":"post_tag","embeddable":true,"href":"https:\/\/www.inovelondrina.com.br\/agencia\/wp-json\/wp\/v2\/tags?post=7523"}],"curies":[{"name":"wp","href":"https:\/\/api.w.org\/{rel}","templated":true}]}}