{"id":7519,"date":"2020-06-26T17:35:09","date_gmt":"2020-06-26T20:35:09","guid":{"rendered":"https:\/\/www.inovelondrina.com.br\/agencia\/?p=7519"},"modified":"2020-07-09T18:07:35","modified_gmt":"2020-07-09T21:07:35","slug":"hospital-evangelico-suspende-atendimento-do-pronto-socorro-2","status":"publish","type":"post","link":"https:\/\/www.inovelondrina.com.br\/agencia\/hospital-evangelico-suspende-atendimento-do-pronto-socorro-2\/","title":{"rendered":"Hospital Evang\u00e9lico suspende atendimento do Pronto-Socorro"},"content":{"rendered":"<p>O Hospital Evang\u00e9lico de Londrina suspendeu os atendimentos no pronto-socorro SUS por 72 horas. Segundo comunicado, a medida foi necess\u00e1ria para a seguran\u00e7a dos pacientes e colaboradores da institui\u00e7\u00e3o.<\/p>\n<p>O motivo foi a confirma\u00e7\u00e3o de um caso de Covid-19 de um paciente levado pelo SAMU e que deu entrada pelo pronto-socorro. O paciente de 68 anos chegou ao HE \u00e0s 5h15, com diagn\u00f3stico de pneumonia em tratamento e insufici\u00eancia card\u00edaca. Ele estava em processo p\u00f3s-operat\u00f3rio de um procedimento card\u00edaco realizado 15 dias antes no Hospital Norte Paranaense de Arapongas.<\/p>\n<p>Na tarde deste domingo (27\/06), ap\u00f3s os resultados dos exames que confirmaram a doen\u00e7a, foi determinado o fechamento imediato da ala do pronto-socorro e solicitada transfer\u00eancia do paciente. Ele foi encaminhado ainda na noite de ontem para um hospital de refer\u00eancia, onde permanece em tratamento.<\/p>\n<p>Em nota, o Hospital Evang\u00e9lico informa que o fechamento do PS SUS ocorre em car\u00e1ter preventivo e \u00e9 necess\u00e1ria para a realoca\u00e7\u00e3o dos pacientes com contato pr\u00f3ximo para outras alas e posterior desinfec\u00e7\u00e3o do ambiente.<\/p>\n<p><a href=\"https:\/\/tarobanews.com\/noticias\/ciencia-e-saude\/hospital-evangelico-fecha-ps-do-sus-por-72-horas-XaQv9.html\">Por Tarob\u00e1 News<\/a><\/p>\n","protected":false},"excerpt":{"rendered":"<p>O Hospital Evang\u00e9lico de Londrina suspendeu os atendimentos no pronto-socorro SUS por 72 horas. Segundo comunicado, a medida foi necess\u00e1ria para a seguran\u00e7a dos pacientes e<span class=\"excerpt-hellip\"> [?]<\/span><\/p>\n","protected":false},"author":111,"featured_media":5251,"comment_status":"closed","ping_status":"open","sticky":false,"template":"","format":"standard","meta":{"_joinchat":[],"footnotes":""},"categories":[171],"tags":[],"class_list":["post-7519","post","type-post","status-publish","format-standard","has-post-thumbnail","hentry","category-hospital-evangelico"],"_links":{"self":[{"href":"https:\/\/www.inovelondrina.com.br\/agencia\/wp-json\/wp\/v2\/posts\/7519","targetHints":{"allow":["GET"]}}],"collection":[{"href":"https:\/\/www.inovelondrina.com.br\/agencia\/wp-json\/wp\/v2\/posts"}],"about":[{"href":"https:\/\/www.inovelondrina.com.br\/agencia\/wp-json\/wp\/v2\/types\/post"}],"author":[{"embeddable":true,"href":"https:\/\/www.inovelondrina.com.br\/agencia\/wp-json\/wp\/v2\/users\/111"}],"replies":[{"embeddable":true,"href":"https:\/\/www.inovelondrina.com.br\/agencia\/wp-json\/wp\/v2\/comments?post=7519"}],"version-history":[{"count":0,"href":"https:\/\/www.inovelondrina.com.br\/agencia\/wp-json\/wp\/v2\/posts\/7519\/revisions"}],"wp:featuredmedia":[{"embeddable":true,"href":"https:\/\/www.inovelondrina.com.br\/agencia\/wp-json\/wp\/v2\/media\/5251"}],"wp:attachment":[{"href":"https:\/\/www.inovelondrina.com.br\/agencia\/wp-json\/wp\/v2\/media?parent=7519"}],"wp:term":[{"taxonomy":"category","embeddable":true,"href":"https:\/\/www.inovelondrina.com.br\/agencia\/wp-json\/wp\/v2\/categories?post=7519"},{"taxonomy":"post_tag","embeddable":true,"href":"https:\/\/www.inovelondrina.com.br\/agencia\/wp-json\/wp\/v2\/tags?post=7519"}],"curies":[{"name":"wp","href":"https:\/\/api.w.org\/{rel}","templated":true}]}}