{"id":7516,"date":"2020-06-29T17:28:26","date_gmt":"2020-06-29T20:28:26","guid":{"rendered":"https:\/\/www.inovelondrina.com.br\/agencia\/?p=7516"},"modified":"2020-07-09T17:32:44","modified_gmt":"2020-07-09T20:32:44","slug":"hospital-evangelico-suspende-atendimento-por-72-horas","status":"publish","type":"post","link":"https:\/\/www.inovelondrina.com.br\/agencia\/hospital-evangelico-suspende-atendimento-por-72-horas\/","title":{"rendered":"Hospital Evang\u00e9lico suspende atendimento por 72 horas"},"content":{"rendered":"<p>O Hospital Evang\u00e9lico de Londrina informou na manh\u00e3 desta segunda-feira (29) que o Pronto-Socorro da institui\u00e7\u00e3o ficar\u00e1 fechado por 72 horas por conta da confirma\u00e7\u00e3o de um caso positivo de coronav\u00edrus em um paciente que deu entrada no local no s\u00e1bado (27). A medida \u00e9 necess\u00e1ria, segundo o hospital, para a seguran\u00e7a de pacientes e colaboradores.<\/p>\n<p>De acordo com o Hospital, o paciente, de 68 anos, tinha diagn\u00f3stico de pneumonia e estava em processo p\u00f3s-operat\u00f3rio de um procedimento card\u00edaco realizado h\u00e1 15 dias em outro hospital da regi\u00e3o norte do Estado. O mesmo testou positivo e o resultado foi confirmado no domingo (28). Ap\u00f3s a confirma\u00e7\u00e3o, o paciente foi encaminhado para outro hospital.<\/p>\n<p>Conforme nota, o pronto-socorro do Hospital Evang\u00e9lico, que atende pacientes do Sistema \u00danico de Sa\u00fade (SUS) fica fechado at\u00e9 ter\u00e7a-feira (30). Em maio, o local j\u00e1 havia sido fechado para higieniza\u00e7\u00e3o ap\u00f3s um idoso de 84 anos ser diagnosticado com o novo coronav\u00edrus.<\/p>\n<p><a href=\"https:\/\/paiquerefmnews.com.br\/noticia\/hospital-evangelico-de-londrina-fecha-pronto-socorro-por-72-horas\">Por Paiquer\u00ea News<\/a><\/p>\n","protected":false},"excerpt":{"rendered":"<p>O Hospital Evang\u00e9lico de Londrina informou na manh\u00e3 desta segunda-feira (29) que o Pronto-Socorro da institui\u00e7\u00e3o ficar\u00e1 fechado por 72 horas por conta da confirma\u00e7\u00e3o de<span class=\"excerpt-hellip\"> [?]<\/span><\/p>\n","protected":false},"author":111,"featured_media":7517,"comment_status":"closed","ping_status":"open","sticky":false,"template":"","format":"standard","meta":{"_joinchat":[],"footnotes":""},"categories":[171],"tags":[],"class_list":["post-7516","post","type-post","status-publish","format-standard","has-post-thumbnail","hentry","category-hospital-evangelico"],"_links":{"self":[{"href":"https:\/\/www.inovelondrina.com.br\/agencia\/wp-json\/wp\/v2\/posts\/7516","targetHints":{"allow":["GET"]}}],"collection":[{"href":"https:\/\/www.inovelondrina.com.br\/agencia\/wp-json\/wp\/v2\/posts"}],"about":[{"href":"https:\/\/www.inovelondrina.com.br\/agencia\/wp-json\/wp\/v2\/types\/post"}],"author":[{"embeddable":true,"href":"https:\/\/www.inovelondrina.com.br\/agencia\/wp-json\/wp\/v2\/users\/111"}],"replies":[{"embeddable":true,"href":"https:\/\/www.inovelondrina.com.br\/agencia\/wp-json\/wp\/v2\/comments?post=7516"}],"version-history":[{"count":0,"href":"https:\/\/www.inovelondrina.com.br\/agencia\/wp-json\/wp\/v2\/posts\/7516\/revisions"}],"wp:featuredmedia":[{"embeddable":true,"href":"https:\/\/www.inovelondrina.com.br\/agencia\/wp-json\/wp\/v2\/media\/7517"}],"wp:attachment":[{"href":"https:\/\/www.inovelondrina.com.br\/agencia\/wp-json\/wp\/v2\/media?parent=7516"}],"wp:term":[{"taxonomy":"category","embeddable":true,"href":"https:\/\/www.inovelondrina.com.br\/agencia\/wp-json\/wp\/v2\/categories?post=7516"},{"taxonomy":"post_tag","embeddable":true,"href":"https:\/\/www.inovelondrina.com.br\/agencia\/wp-json\/wp\/v2\/tags?post=7516"}],"curies":[{"name":"wp","href":"https:\/\/api.w.org\/{rel}","templated":true}]}}