{"id":7500,"date":"2020-06-24T17:05:07","date_gmt":"2020-06-24T20:05:07","guid":{"rendered":"https:\/\/www.inovelondrina.com.br\/agencia\/?p=7500"},"modified":"2020-07-09T17:07:47","modified_gmt":"2020-07-09T20:07:47","slug":"hospital-do-norte-do-parana-suspende-atendimentos-apos-funcionarios-de-uti-testarem-positivo-para-covid-19","status":"publish","type":"post","link":"https:\/\/www.inovelondrina.com.br\/agencia\/hospital-do-norte-do-parana-suspende-atendimentos-apos-funcionarios-de-uti-testarem-positivo-para-covid-19\/","title":{"rendered":"Hospital do Norte do Paran\u00e1 suspende atendimentos ap\u00f3s funcion\u00e1rios de UTI testarem positivo para Covid-19"},"content":{"rendered":"<div class=\"mc-column content-text active-extra-styles \" data-block-type=\"unstyled\" data-block-weight=\"40\">\n<p class=\"content-text__container \" data-track-links=\"\" data-track-category=\"Link no Texto\">O Honpar, Hospital do Norte do Paran\u00e1, que fica em Arapongas, no norte do Paran\u00e1, suspendeu temporariamente o atendimento de pacientes depois que cinco funcion\u00e1rios que trabalham em Unidade de Terapia Intensiva (UTI) testaram positivo para o coronav\u00edrus.<\/p>\n<\/div>\n<div class=\"wall protected-content\">\n<div class=\"mc-column content-text active-extra-styles \" data-block-type=\"unstyled\" data-block-weight=\"27\">\n<p class=\"content-text__container \" data-track-links=\"\" data-track-category=\"Link no Texto\">A institui\u00e7\u00e3o suspendeu internamentos, exames e cirurgias at\u00e9 segunda-feira (29). Atendimentos oncol\u00f3gicos e de pacientes card\u00edacos ser\u00e3o mantidos, o hospital \u00e9 refer\u00eancia para esses casos na regi\u00e3o.<\/p>\n<\/div>\n<div class=\"mc-column content-text active-extra-styles \" data-block-type=\"unstyled\" data-block-weight=\"21\">\n<p class=\"content-text__container \" data-track-links=\"\" data-track-category=\"Link no Texto\">Pacientes com diagn\u00f3stico positivo para Covid-19 continuar\u00e3o a ser atendidos em uma ala separada, al\u00e9m dos casos de urg\u00eancia e emerg\u00eancia.<\/p>\n<\/div>\n<div class=\"mc-column content-text active-extra-styles \" data-block-type=\"unstyled\" data-block-weight=\"25\">\n<p class=\"content-text__container \" data-track-links=\"\" data-track-category=\"Link no Texto\">Os resultados dos profissionais de sa\u00fade foram divulgados no dia 22 de junho depois deles apresentarem sintomas leves. Todos est\u00e3o isolados em casa.<\/p>\n<\/div>\n<div class=\"mc-column content-text active-extra-styles \" data-block-type=\"unstyled\" data-block-weight=\"34\">\n<p class=\"content-text__container \" data-track-links=\"\" data-track-category=\"Link no Texto\">A ala onde eles trabalham foi isolada, n\u00e3o entram mais pacientes, e os que est\u00e3o ali s\u00f3 sair\u00e3o quando receberem alta m\u00e9dica. Conforme o hospital, s\u00f3 entram funcion\u00e1rios que j\u00e1 trabalham no setor.<\/p>\n<\/div>\n<div class=\"mc-column content-text active-extra-styles \" data-block-type=\"unstyled\" data-block-weight=\"25\">\n<p class=\"content-text__container \" data-track-links=\"\" data-track-category=\"Link no Texto\">O hospital passou por um processo de desinfec\u00e7\u00e3o e todos os profissionais foram testados. No total, o hospital tem cerca de 800 funcion\u00e1rios.<\/p>\n<\/div>\n<div class=\"mc-column content-text active-extra-styles \" data-block-type=\"unstyled\" data-block-weight=\"57\">\n<p class=\"content-text__container \" data-track-links=\"\" data-track-category=\"Link no Texto\">\u201cOs testes positivos desses funcion\u00e1rios mostraram para gente que o v\u00edrus pode estar no hospital inteiro. Por este motivo, temos que testar todo o hospital, para saber se vai precisar isolar outro setor ou se isolando apenas o local onde esses funcion\u00e1rios trabalhavam conseguiremos dar continuidade aos entendimentos\u201d, explicou o diretor administrativo do hospital Montgomery Pastorelo Benites.<\/p>\n<\/div>\n<div class=\"content-ads content-ads--reveal\" data-block-type=\"ads\">\n<div id=\"banner_materia2\" class=\"tag-manager-publicidade-container mc-has-reveal mc-has-ad-lazyload\" data-id=\"banner_materia2\" data-google-query-id=\"CL-np4z8wOoCFRh5hgodrK0K9A\">\n<div id=\"google_ads_iframe_\/95377733\/tvg_G1\/Sua_Regiao&gt;Sul&gt;Parana_(Norte_e_Noroeste)_0__container__\" style=\"border-image-outset: 0; border-image-repeat: stretch; border-image-slice: 100%; border-image-source: none; border-image-width: 1; box-sizing: inherit; font-family: inherit; font-size: inherit; font-size-adjust: none; font-stretch: inherit; font-style: inherit; font-variant: inherit; font-weight: inherit; height: 250px; line-height: inherit; text-align: center; vertical-align: baseline; width: 970px; padding: 0px; margin: auto; border: 0pt none currentColor;\"><iframe loading=\"lazy\" id=\"google_ads_iframe_\/95377733\/tvg_G1\/Sua_Regiao&gt;Sul&gt;Parana_(Norte_e_Noroeste)_0\" style=\"border-image-outset: 0; border-image-repeat: stretch; border-image-slice: 100%; border-image-source: none; border-image-width: 1; box-sizing: inherit; font-family: inherit; font-size: inherit; font-size-adjust: none; font-stretch: inherit; font-style: inherit; font-variant: inherit; font-weight: inherit; line-height: inherit; vertical-align: bottom; padding: 0px; margin: 0px; border: 0px none currentColor;\" title=\"3rd party ad content\" src=\"https:\/\/c32726b62570170dac669d16a93e2100.safeframe.googlesyndication.com\/safeframe\/1-0-37\/html\/container.html\" width=\"970\" height=\"250\" frameborder=\"0\" marginwidth=\"0\" marginheight=\"0\" scrolling=\"no\" sandbox=\"allow-forms allow-pointer-lock allow-popups allow-popups-to-escape-sandbox allow-same-origin allow-scripts allow-top-navigation-by-user-activation\" data-is-safeframe=\"true\" data-google-container-id=\"1\" data-load-complete=\"true\" data-mce-fragment=\"1\"><\/iframe><\/div>\n<\/div>\n<\/div>\n<div class=\"mc-column content-text active-extra-styles \" data-block-type=\"unstyled\" data-block-weight=\"24\">\n<p class=\"content-text__container \" data-track-links=\"\" data-track-category=\"Link no Texto\">No dia 29, a dire\u00e7\u00e3o do hospital far\u00e1 uma nova reuni\u00e3o para decidir se mant\u00e9m essas mesmas medidas ou volta a atender normalmente.<\/p>\n<\/div>\n<div class=\"mc-column content-text active-extra-styles \" data-block-type=\"unstyled\" data-block-weight=\"30\">\n<p class=\"content-text__container \" data-track-links=\"\" data-track-category=\"Link no Texto\">Nesta quinta-feira (25), a ocupa\u00e7\u00e3o de leitos de UTI espec\u00edfico para Covid-19 no Honpar est\u00e1 em 55%, s\u00e3o 20 leitos no total, e 55% na enfermaria, h\u00e1 44.<\/p>\n<p data-track-links=\"\" data-track-category=\"Link no Texto\"><a href=\"https:\/\/g1.globo.com\/pr\/norte-noroeste\/noticia\/2020\/06\/25\/hospital-do-norte-do-parana-suspende-atendimentos-apos-funcionarios-de-uti-testarem-positivo-para-covid-19.ghtml\">Por G1 Paran\u00e1<\/a><\/p>\n<\/div>\n<\/div>\n","protected":false},"excerpt":{"rendered":"<p>O Honpar, Hospital do Norte do Paran\u00e1, que fica em Arapongas, no norte do Paran\u00e1, suspendeu temporariamente o atendimento de pacientes depois que cinco funcion\u00e1rios que<span class=\"excerpt-hellip\"> [?]<\/span><\/p>\n","protected":false},"author":111,"featured_media":7142,"comment_status":"closed","ping_status":"open","sticky":false,"template":"","format":"standard","meta":{"_joinchat":[],"footnotes":""},"categories":[230],"tags":[],"class_list":["post-7500","post","type-post","status-publish","format-standard","has-post-thumbnail","hentry","category-honpar-hospital-norte-paranaense"],"_links":{"self":[{"href":"https:\/\/www.inovelondrina.com.br\/agencia\/wp-json\/wp\/v2\/posts\/7500","targetHints":{"allow":["GET"]}}],"collection":[{"href":"https:\/\/www.inovelondrina.com.br\/agencia\/wp-json\/wp\/v2\/posts"}],"about":[{"href":"https:\/\/www.inovelondrina.com.br\/agencia\/wp-json\/wp\/v2\/types\/post"}],"author":[{"embeddable":true,"href":"https:\/\/www.inovelondrina.com.br\/agencia\/wp-json\/wp\/v2\/users\/111"}],"replies":[{"embeddable":true,"href":"https:\/\/www.inovelondrina.com.br\/agencia\/wp-json\/wp\/v2\/comments?post=7500"}],"version-history":[{"count":0,"href":"https:\/\/www.inovelondrina.com.br\/agencia\/wp-json\/wp\/v2\/posts\/7500\/revisions"}],"wp:featuredmedia":[{"embeddable":true,"href":"https:\/\/www.inovelondrina.com.br\/agencia\/wp-json\/wp\/v2\/media\/7142"}],"wp:attachment":[{"href":"https:\/\/www.inovelondrina.com.br\/agencia\/wp-json\/wp\/v2\/media?parent=7500"}],"wp:term":[{"taxonomy":"category","embeddable":true,"href":"https:\/\/www.inovelondrina.com.br\/agencia\/wp-json\/wp\/v2\/categories?post=7500"},{"taxonomy":"post_tag","embeddable":true,"href":"https:\/\/www.inovelondrina.com.br\/agencia\/wp-json\/wp\/v2\/tags?post=7500"}],"curies":[{"name":"wp","href":"https:\/\/api.w.org\/{rel}","templated":true}]}}