{"id":7493,"date":"2020-06-09T16:42:56","date_gmt":"2020-06-09T19:42:56","guid":{"rendered":"https:\/\/www.inovelondrina.com.br\/agencia\/?p=7493"},"modified":"2020-07-09T16:57:43","modified_gmt":"2020-07-09T19:57:43","slug":"90-dos-pacientes-no-honpar-com-coronavirus-sao-da-regional-de-londrina-2","status":"publish","type":"post","link":"https:\/\/www.inovelondrina.com.br\/agencia\/90-dos-pacientes-no-honpar-com-coronavirus-sao-da-regional-de-londrina-2\/","title":{"rendered":"90% dos pacientes no Honpar com coronav\u00edrus s\u00e3o da regional de Londrina"},"content":{"rendered":"<p>O Hospital Norte do Paran\u00e1 \u2013 Honpar de Arapongas implantou logo no in\u00edcio da pandemia causada pela Covid-19 uma ala exclusiva para atendimento dos casos de coronav\u00edrus. S\u00e3o 60 leitos divididos entre enfermaria e UTI.O hospital est\u00e1 atendendo os pacientes da 16\u00aa regional de sa\u00fade de Apucarana e nos \u00faltimos dias passou a atender os pacientes da 17\u00aa regional de Londrina. Atualmente, 90% dos internos na institui\u00e7\u00e3o s\u00e3o da 17\u00aa regional.<span id=\"more-37221\"><\/span>A taxa de ocupa\u00e7\u00e3o dos leitos de UTI no hospital est\u00e1 em 70%, j\u00e1 na enfermaria 40% dos leitos totais est\u00e3o ocupados. Durante o final de semana, dez pacientes que estavam internados na Ala Verde tiveram alta m\u00e9dica, aliviando a taxa de lota\u00e7\u00e3o do hospital que nas \u00faltimas semanas registrou alta consider\u00e1vel dobrando as interna\u00e7\u00f5es em leitos de UTI.<br \/>\nAo todo s\u00e3o 146 profissionais de sa\u00fade que atuam no local e at\u00e9 o momento nenhum deles foi contaminado com coronav\u00edrus. Desde a implanta\u00e7\u00e3o j\u00e1 passaram pelo local 281 pacientes. Desses,78 precisaram apenas de atendimento cl\u00ednico, 165 precisaram de interna\u00e7\u00e3o no ambulat\u00f3rio e 38 precisaram de internamento na Unidade de Terapia Intensiva (UTI).<\/p>\n<p><a href=\"https:\/\/www.pacocacomcebola.com.br\/destaque\/90-dos-pacientes-internados-no-honpar-com-coronavirus-sao-da-regional-de-londrina\/\">Por Pa\u00e7oca com Cebola<\/a><\/p>\n","protected":false},"excerpt":{"rendered":"<p>O Hospital Norte do Paran\u00e1 \u2013 Honpar de Arapongas implantou logo no in\u00edcio da pandemia causada pela Covid-19 uma ala exclusiva para atendimento dos casos de<span class=\"excerpt-hellip\"> [?]<\/span><\/p>\n","protected":false},"author":111,"featured_media":5549,"comment_status":"closed","ping_status":"open","sticky":false,"template":"","format":"standard","meta":{"_joinchat":[],"footnotes":""},"categories":[230],"tags":[],"class_list":["post-7493","post","type-post","status-publish","format-standard","has-post-thumbnail","hentry","category-honpar-hospital-norte-paranaense"],"_links":{"self":[{"href":"https:\/\/www.inovelondrina.com.br\/agencia\/wp-json\/wp\/v2\/posts\/7493","targetHints":{"allow":["GET"]}}],"collection":[{"href":"https:\/\/www.inovelondrina.com.br\/agencia\/wp-json\/wp\/v2\/posts"}],"about":[{"href":"https:\/\/www.inovelondrina.com.br\/agencia\/wp-json\/wp\/v2\/types\/post"}],"author":[{"embeddable":true,"href":"https:\/\/www.inovelondrina.com.br\/agencia\/wp-json\/wp\/v2\/users\/111"}],"replies":[{"embeddable":true,"href":"https:\/\/www.inovelondrina.com.br\/agencia\/wp-json\/wp\/v2\/comments?post=7493"}],"version-history":[{"count":0,"href":"https:\/\/www.inovelondrina.com.br\/agencia\/wp-json\/wp\/v2\/posts\/7493\/revisions"}],"wp:featuredmedia":[{"embeddable":true,"href":"https:\/\/www.inovelondrina.com.br\/agencia\/wp-json\/wp\/v2\/media\/5549"}],"wp:attachment":[{"href":"https:\/\/www.inovelondrina.com.br\/agencia\/wp-json\/wp\/v2\/media?parent=7493"}],"wp:term":[{"taxonomy":"category","embeddable":true,"href":"https:\/\/www.inovelondrina.com.br\/agencia\/wp-json\/wp\/v2\/categories?post=7493"},{"taxonomy":"post_tag","embeddable":true,"href":"https:\/\/www.inovelondrina.com.br\/agencia\/wp-json\/wp\/v2\/tags?post=7493"}],"curies":[{"name":"wp","href":"https:\/\/api.w.org\/{rel}","templated":true}]}}