{"id":7381,"date":"2020-06-09T12:39:47","date_gmt":"2020-06-09T15:39:47","guid":{"rendered":"https:\/\/www.inovelondrina.com.br\/agencia\/?p=7381"},"modified":"2020-06-23T12:42:25","modified_gmt":"2020-06-23T15:42:25","slug":"https-tnonline-uol-com-br-noticias-arapongas-grande-parte-dos-internados-em-arapongas-com-covid-19-sao-de-londrina-464586","status":"publish","type":"post","link":"https:\/\/www.inovelondrina.com.br\/agencia\/https-tnonline-uol-com-br-noticias-arapongas-grande-parte-dos-internados-em-arapongas-com-covid-19-sao-de-londrina-464586\/","title":{"rendered":"https:\/\/tnonline.uol.com.br\/noticias\/arapongas\/grande-parte-dos-internados-em-arapongas-com-covid-19-sao-de-londrina-464586"},"content":{"rendered":"<p><img loading=\"lazy\" decoding=\"async\" class=\"alignnone size-medium wp-image-7232 aligncenter\" src=\"https:\/\/www.inovelondrina.com.br\/agencia\/wp-content\/uploads\/2020\/05\/temlondrina-300x300.jpg\" alt=\"\" width=\"300\" height=\"300\" srcset=\"https:\/\/www.inovelondrina.com.br\/agencia\/wp-content\/uploads\/2020\/05\/temlondrina-300x300.jpg 300w, https:\/\/www.inovelondrina.com.br\/agencia\/wp-content\/uploads\/2020\/05\/temlondrina.jpg 450w, https:\/\/www.inovelondrina.com.br\/agencia\/wp-content\/uploads\/2020\/05\/temlondrina-146x146.jpg 146w\" sizes=\"auto, (max-width: 300px) 100vw, 300px\" \/><\/p>\n<p>O Hospital Norte do Paran\u00e1 (Honpar) de Arapongas, na regi\u00e3o metropolitana de Londrina, implantou logo no in\u00edcio da pandemia causada pela covid-19 uma ala exclusiva para atendimento dos casos de coronav\u00edrus. S\u00e3o 60 leitos divididos entre enfermaria e UTI. O hospital est\u00e1 atendendo os pacientes da 16\u00aa regional de sa\u00fade de Apucarana e nos \u00faltimos dias passou a atender os pacientes da 17\u00aa regional de Londrina. Atualmente, 90% dos internos na institui\u00e7\u00e3o s\u00e3o da 17\u00aa regional.<\/p>\n<p>A taxa de ocupa\u00e7\u00e3o dos leitos de UTI no hospital est\u00e1 em 70%, j\u00e1 na enfermaria 40% dos leitos totais est\u00e3o ocupados. Durante o final de semana, dez pacientes que estavam internados na Ala Verde tiveram alta m\u00e9dica, aliviando a taxa de lota\u00e7\u00e3o do hospital que nas \u00faltimas semanas registrou alta consider\u00e1vel dobrando as interna\u00e7\u00f5es em leitos de UTI.<\/p>\n<p>Ao todo s\u00e3o 146 profissionais de sa\u00fade que atuam no local e at\u00e9 o momento nenhum deles foi contaminado com coronav\u00edrus. Desde a implanta\u00e7\u00e3o j\u00e1 passaram pelo local 281 pacientes.<\/p>\n<p>Desses,78 precisaram apenas de atendimento cl\u00ednico, 165 precisaram de interna\u00e7\u00e3o no ambulat\u00f3rio e 38 precisaram de internamento na Unidade de Terapia Intensiva (UTI).<\/p>\n<p><a href=\"https:\/\/temlondrina.com.br\/coronavirus\/90-dos-internados-em-hospital-de-arapongas-com-covid-19-sao-da-regional-de-londrina\/\"><strong>Reda\u00e7\u00e3o Tem com Assessoria<\/strong><\/a><\/p>\n","protected":false},"excerpt":{"rendered":"<p>O Hospital Norte do Paran\u00e1 (Honpar) de Arapongas, na regi\u00e3o metropolitana de Londrina, implantou logo no in\u00edcio da pandemia causada pela covid-19 uma ala exclusiva para<span class=\"excerpt-hellip\"> [?]<\/span><\/p>\n","protected":false},"author":111,"featured_media":7232,"comment_status":"closed","ping_status":"open","sticky":false,"template":"","format":"standard","meta":{"_joinchat":[],"footnotes":""},"categories":[230],"tags":[],"class_list":["post-7381","post","type-post","status-publish","format-standard","has-post-thumbnail","hentry","category-honpar-hospital-norte-paranaense"],"_links":{"self":[{"href":"https:\/\/www.inovelondrina.com.br\/agencia\/wp-json\/wp\/v2\/posts\/7381","targetHints":{"allow":["GET"]}}],"collection":[{"href":"https:\/\/www.inovelondrina.com.br\/agencia\/wp-json\/wp\/v2\/posts"}],"about":[{"href":"https:\/\/www.inovelondrina.com.br\/agencia\/wp-json\/wp\/v2\/types\/post"}],"author":[{"embeddable":true,"href":"https:\/\/www.inovelondrina.com.br\/agencia\/wp-json\/wp\/v2\/users\/111"}],"replies":[{"embeddable":true,"href":"https:\/\/www.inovelondrina.com.br\/agencia\/wp-json\/wp\/v2\/comments?post=7381"}],"version-history":[{"count":0,"href":"https:\/\/www.inovelondrina.com.br\/agencia\/wp-json\/wp\/v2\/posts\/7381\/revisions"}],"wp:featuredmedia":[{"embeddable":true,"href":"https:\/\/www.inovelondrina.com.br\/agencia\/wp-json\/wp\/v2\/media\/7232"}],"wp:attachment":[{"href":"https:\/\/www.inovelondrina.com.br\/agencia\/wp-json\/wp\/v2\/media?parent=7381"}],"wp:term":[{"taxonomy":"category","embeddable":true,"href":"https:\/\/www.inovelondrina.com.br\/agencia\/wp-json\/wp\/v2\/categories?post=7381"},{"taxonomy":"post_tag","embeddable":true,"href":"https:\/\/www.inovelondrina.com.br\/agencia\/wp-json\/wp\/v2\/tags?post=7381"}],"curies":[{"name":"wp","href":"https:\/\/api.w.org\/{rel}","templated":true}]}}