{"id":7379,"date":"2020-06-09T12:35:29","date_gmt":"2020-06-09T15:35:29","guid":{"rendered":"https:\/\/www.inovelondrina.com.br\/agencia\/?p=7379"},"modified":"2020-06-23T12:38:27","modified_gmt":"2020-06-23T15:38:27","slug":"grande-parte-dos-internados-em-arapongas-com-covid-19-sao-de-londrina","status":"publish","type":"post","link":"https:\/\/www.inovelondrina.com.br\/agencia\/grande-parte-dos-internados-em-arapongas-com-covid-19-sao-de-londrina\/","title":{"rendered":"Grande parte dos internados em Arapongas com covid-19 s\u00e3o de Londrina"},"content":{"rendered":"<p><img loading=\"lazy\" decoding=\"async\" class=\"alignnone size-medium wp-image-5527 aligncenter\" src=\"https:\/\/www.inovelondrina.com.br\/agencia\/wp-content\/uploads\/2018\/04\/tn-online-300x223.png\" alt=\"\" width=\"300\" height=\"223\" srcset=\"https:\/\/www.inovelondrina.com.br\/agencia\/wp-content\/uploads\/2018\/04\/tn-online-300x223.png 300w, https:\/\/www.inovelondrina.com.br\/agencia\/wp-content\/uploads\/2018\/04\/tn-online.png 692w, https:\/\/www.inovelondrina.com.br\/agencia\/wp-content\/uploads\/2018\/04\/tn-online-197x146.png 197w\" sizes=\"auto, (max-width: 300px) 100vw, 300px\" \/><\/p>\n<p>No in\u00edcio da pandemia causada pela covid-19, foi implantada no Hospital Norte do Paran\u00e1 (Honpar) uma ala para o atendimento dos casos de coronav\u00edrus na regi\u00e3o. Atualmente, foi registrado que 90% dos internos na institui\u00e7\u00e3o s\u00e3o da 17\u00aa regional de Londrina.<\/p>\n<p>O hospital conta com 146 profissionais de sa\u00fade e at\u00e9 o presente momento nenhum dos profissionais foi contaminado pelo coronav\u00edrus. Desde o in\u00edcio da pandemia foram registrados que 281 pacientes passaram pelo hospital.<\/p>\n<p>Do n\u00famero de pacientes registrados, 78 necessitaram somente de atendimento cl\u00ednico, 165 pacientes estiveram internados no ambulat\u00f3rio e 38 foram internados na Unidade de Terapia Intensiva (UTI).<\/p>\n<p>&nbsp;<\/p>\n","protected":false},"excerpt":{"rendered":"<p>No in\u00edcio da pandemia causada pela covid-19, foi implantada no Hospital Norte do Paran\u00e1 (Honpar) uma ala para o atendimento dos casos de coronav\u00edrus na regi\u00e3o.<span class=\"excerpt-hellip\"> [?]<\/span><\/p>\n","protected":false},"author":111,"featured_media":5527,"comment_status":"closed","ping_status":"open","sticky":false,"template":"","format":"standard","meta":{"_joinchat":[],"footnotes":""},"categories":[230],"tags":[],"class_list":["post-7379","post","type-post","status-publish","format-standard","has-post-thumbnail","hentry","category-honpar-hospital-norte-paranaense"],"_links":{"self":[{"href":"https:\/\/www.inovelondrina.com.br\/agencia\/wp-json\/wp\/v2\/posts\/7379","targetHints":{"allow":["GET"]}}],"collection":[{"href":"https:\/\/www.inovelondrina.com.br\/agencia\/wp-json\/wp\/v2\/posts"}],"about":[{"href":"https:\/\/www.inovelondrina.com.br\/agencia\/wp-json\/wp\/v2\/types\/post"}],"author":[{"embeddable":true,"href":"https:\/\/www.inovelondrina.com.br\/agencia\/wp-json\/wp\/v2\/users\/111"}],"replies":[{"embeddable":true,"href":"https:\/\/www.inovelondrina.com.br\/agencia\/wp-json\/wp\/v2\/comments?post=7379"}],"version-history":[{"count":0,"href":"https:\/\/www.inovelondrina.com.br\/agencia\/wp-json\/wp\/v2\/posts\/7379\/revisions"}],"wp:featuredmedia":[{"embeddable":true,"href":"https:\/\/www.inovelondrina.com.br\/agencia\/wp-json\/wp\/v2\/media\/5527"}],"wp:attachment":[{"href":"https:\/\/www.inovelondrina.com.br\/agencia\/wp-json\/wp\/v2\/media?parent=7379"}],"wp:term":[{"taxonomy":"category","embeddable":true,"href":"https:\/\/www.inovelondrina.com.br\/agencia\/wp-json\/wp\/v2\/categories?post=7379"},{"taxonomy":"post_tag","embeddable":true,"href":"https:\/\/www.inovelondrina.com.br\/agencia\/wp-json\/wp\/v2\/tags?post=7379"}],"curies":[{"name":"wp","href":"https:\/\/api.w.org\/{rel}","templated":true}]}}