{"id":7377,"date":"2020-06-09T12:32:09","date_gmt":"2020-06-09T15:32:09","guid":{"rendered":"https:\/\/www.inovelondrina.com.br\/agencia\/?p=7377"},"modified":"2020-06-23T12:34:46","modified_gmt":"2020-06-23T15:34:46","slug":"90-dos-pacientes-no-honpar-com-coronavirus-sao-da-regional-de-londrina","status":"publish","type":"post","link":"https:\/\/www.inovelondrina.com.br\/agencia\/90-dos-pacientes-no-honpar-com-coronavirus-sao-da-regional-de-londrina\/","title":{"rendered":"90% dos pacientes no Honpar com coronav\u00edrus s\u00e3o da regional de Londrina"},"content":{"rendered":"<p><img loading=\"lazy\" decoding=\"async\" class=\"alignnone size-medium wp-image-5251 aligncenter\" src=\"https:\/\/www.inovelondrina.com.br\/agencia\/wp-content\/uploads\/2017\/11\/taroba-news-300x237.png\" alt=\"\" width=\"300\" height=\"237\" srcset=\"https:\/\/www.inovelondrina.com.br\/agencia\/wp-content\/uploads\/2017\/11\/taroba-news-300x237.png 300w, https:\/\/www.inovelondrina.com.br\/agencia\/wp-content\/uploads\/2017\/11\/taroba-news.png 656w, https:\/\/www.inovelondrina.com.br\/agencia\/wp-content\/uploads\/2017\/11\/taroba-news-185x146.png 185w\" sizes=\"auto, (max-width: 300px) 100vw, 300px\" \/><\/p>\n<p>Ap\u00f3s a restri\u00e7\u00e3o tempor\u00e1rio no atendimentos dos pronto-socorros do Hospital Evang\u00e9lico e da Santa Casa, o Honpar de Arapongas passou a atender pacientes da 17\u00aa Regional de Londrina. Atualmente, 90% dos internos na institui\u00e7\u00e3o s\u00e3o da 17\u00aa.<\/p>\n<p>O Hospital Norte do Paran\u00e1 (Honpar) de Arapongas implantou logo no in\u00edcio da pandemia causada pela Covid-19 uma ala exclusiva para atendimento dos casos de coronav\u00edrus. S\u00e3o 60 leitos divididos entre enfermaria e UTI.<\/p>\n<p>A taxa de ocupa\u00e7\u00e3o dos leitos de UTI no hospital est\u00e1 em 70%, j\u00e1 na enfermaria 40% dos leitos totais est\u00e3o ocupados. Durante o final de semana, dez pacientes que estavam internados na Ala Verde tiveram alta m\u00e9dica, aliviando a taxa de lota\u00e7\u00e3o do hospital que nas \u00faltimas semanas registrou alta consider\u00e1vel dobrando as interna\u00e7\u00f5es em leitos de UTI.<\/p>\n<p>Ao todo s\u00e3o 146 profissionais de sa\u00fade que atuam no local e at\u00e9 o momento nenhum deles foi contaminado com coronav\u00edrus. Desde a implanta\u00e7\u00e3o j\u00e1 passaram pelo local 281 pacientes. Desses,78 precisaram apenas de atendimento cl\u00ednico, 165 precisaram de interna\u00e7\u00e3o no ambulat\u00f3rio e 38 precisaram de internamento na Unidade de Terapia Intensiva (UTI).<\/p>\n<p><a href=\"https:\/\/tarobanews.com\/noticias\/parana\/90-dos-pacientes-no-honpar-com-coronavirus-sao-da-regional-de-londrina-4oL9W.html\">Com assessoria de imprensa\u00a0<\/a><\/p>\n","protected":false},"excerpt":{"rendered":"<p>Ap\u00f3s a restri\u00e7\u00e3o tempor\u00e1rio no atendimentos dos pronto-socorros do Hospital Evang\u00e9lico e da Santa Casa, o Honpar de Arapongas passou a atender pacientes da 17\u00aa Regional<span class=\"excerpt-hellip\"> [?]<\/span><\/p>\n","protected":false},"author":111,"featured_media":5251,"comment_status":"closed","ping_status":"open","sticky":false,"template":"","format":"standard","meta":{"_joinchat":[],"footnotes":""},"categories":[230],"tags":[],"class_list":["post-7377","post","type-post","status-publish","format-standard","has-post-thumbnail","hentry","category-honpar-hospital-norte-paranaense"],"_links":{"self":[{"href":"https:\/\/www.inovelondrina.com.br\/agencia\/wp-json\/wp\/v2\/posts\/7377","targetHints":{"allow":["GET"]}}],"collection":[{"href":"https:\/\/www.inovelondrina.com.br\/agencia\/wp-json\/wp\/v2\/posts"}],"about":[{"href":"https:\/\/www.inovelondrina.com.br\/agencia\/wp-json\/wp\/v2\/types\/post"}],"author":[{"embeddable":true,"href":"https:\/\/www.inovelondrina.com.br\/agencia\/wp-json\/wp\/v2\/users\/111"}],"replies":[{"embeddable":true,"href":"https:\/\/www.inovelondrina.com.br\/agencia\/wp-json\/wp\/v2\/comments?post=7377"}],"version-history":[{"count":0,"href":"https:\/\/www.inovelondrina.com.br\/agencia\/wp-json\/wp\/v2\/posts\/7377\/revisions"}],"wp:featuredmedia":[{"embeddable":true,"href":"https:\/\/www.inovelondrina.com.br\/agencia\/wp-json\/wp\/v2\/media\/5251"}],"wp:attachment":[{"href":"https:\/\/www.inovelondrina.com.br\/agencia\/wp-json\/wp\/v2\/media?parent=7377"}],"wp:term":[{"taxonomy":"category","embeddable":true,"href":"https:\/\/www.inovelondrina.com.br\/agencia\/wp-json\/wp\/v2\/categories?post=7377"},{"taxonomy":"post_tag","embeddable":true,"href":"https:\/\/www.inovelondrina.com.br\/agencia\/wp-json\/wp\/v2\/tags?post=7377"}],"curies":[{"name":"wp","href":"https:\/\/api.w.org\/{rel}","templated":true}]}}