{"id":7373,"date":"2020-06-10T12:26:08","date_gmt":"2020-06-10T15:26:08","guid":{"rendered":"https:\/\/www.inovelondrina.com.br\/agencia\/?p=7373"},"modified":"2020-06-23T12:28:26","modified_gmt":"2020-06-23T15:28:26","slug":"90-dos-pacientes-internados-no-honpar-com-coronavirus-sao-da-regional-de-londrina","status":"publish","type":"post","link":"https:\/\/www.inovelondrina.com.br\/agencia\/90-dos-pacientes-internados-no-honpar-com-coronavirus-sao-da-regional-de-londrina\/","title":{"rendered":"90% dos pacientes internados no Honpar com coronav\u00edrus s\u00e3o da regional de Londrina"},"content":{"rendered":"<p><img loading=\"lazy\" decoding=\"async\" class=\"alignnone size-medium wp-image-4319 aligncenter\" src=\"https:\/\/www.inovelondrina.com.br\/agencia\/wp-content\/uploads\/2017\/02\/Rz6LQedr-300x300.jpg\" alt=\"\" width=\"300\" height=\"300\" srcset=\"https:\/\/www.inovelondrina.com.br\/agencia\/wp-content\/uploads\/2017\/02\/Rz6LQedr.jpg 300w, https:\/\/www.inovelondrina.com.br\/agencia\/wp-content\/uploads\/2017\/02\/Rz6LQedr-146x146.jpg 146w, https:\/\/www.inovelondrina.com.br\/agencia\/wp-content\/uploads\/2017\/02\/Rz6LQedr-50x50.jpg 50w\" sizes=\"auto, (max-width: 300px) 100vw, 300px\" \/><\/p>\n<header class=\"titulo-pagina\">Ocupa\u00e7\u00e3o dos leitos de UTI dobraram na \u00faltima semana com atendimento de pacientes da 17\u00aa Regional de Sa\u00fade<\/header>\n<div class=\"conteudo\">\n<p>Acompanhe a entrevista com o diretor administrativo Montgomery Pastorelo Benites<\/p>\n<\/div>\n<div class=\"item-por\"><a href=\"https:\/\/cbnlondrina.com.br\/materias\/90-dos-pacientes-internados-no-honpar-com-coronavirus-sao-da-regional-de-londrina\">Por\u00a0<b>Raquel Rodrigues<\/b><\/a><\/div>\n","protected":false},"excerpt":{"rendered":"<p>Ocupa\u00e7\u00e3o dos leitos de UTI dobraram na \u00faltima semana com atendimento de pacientes da 17\u00aa Regional de Sa\u00fade Acompanhe a entrevista com o diretor administrativo Montgomery<span class=\"excerpt-hellip\"> [?]<\/span><\/p>\n","protected":false},"author":111,"featured_media":4319,"comment_status":"closed","ping_status":"open","sticky":false,"template":"","format":"standard","meta":{"_joinchat":[],"footnotes":""},"categories":[230,1],"tags":[],"class_list":["post-7373","post","type-post","status-publish","format-standard","has-post-thumbnail","hentry","category-honpar-hospital-norte-paranaense","category-trabalhos-inove"],"_links":{"self":[{"href":"https:\/\/www.inovelondrina.com.br\/agencia\/wp-json\/wp\/v2\/posts\/7373","targetHints":{"allow":["GET"]}}],"collection":[{"href":"https:\/\/www.inovelondrina.com.br\/agencia\/wp-json\/wp\/v2\/posts"}],"about":[{"href":"https:\/\/www.inovelondrina.com.br\/agencia\/wp-json\/wp\/v2\/types\/post"}],"author":[{"embeddable":true,"href":"https:\/\/www.inovelondrina.com.br\/agencia\/wp-json\/wp\/v2\/users\/111"}],"replies":[{"embeddable":true,"href":"https:\/\/www.inovelondrina.com.br\/agencia\/wp-json\/wp\/v2\/comments?post=7373"}],"version-history":[{"count":0,"href":"https:\/\/www.inovelondrina.com.br\/agencia\/wp-json\/wp\/v2\/posts\/7373\/revisions"}],"wp:featuredmedia":[{"embeddable":true,"href":"https:\/\/www.inovelondrina.com.br\/agencia\/wp-json\/wp\/v2\/media\/4319"}],"wp:attachment":[{"href":"https:\/\/www.inovelondrina.com.br\/agencia\/wp-json\/wp\/v2\/media?parent=7373"}],"wp:term":[{"taxonomy":"category","embeddable":true,"href":"https:\/\/www.inovelondrina.com.br\/agencia\/wp-json\/wp\/v2\/categories?post=7373"},{"taxonomy":"post_tag","embeddable":true,"href":"https:\/\/www.inovelondrina.com.br\/agencia\/wp-json\/wp\/v2\/tags?post=7373"}],"curies":[{"name":"wp","href":"https:\/\/api.w.org\/{rel}","templated":true}]}}