{"id":7350,"date":"2020-06-06T11:08:20","date_gmt":"2020-06-06T14:08:20","guid":{"rendered":"https:\/\/www.inovelondrina.com.br\/agencia\/?p=7350"},"modified":"2020-06-22T11:23:15","modified_gmt":"2020-06-22T14:23:15","slug":"hospital-evangelico-recebe-doacao-de-universidade","status":"publish","type":"post","link":"https:\/\/www.inovelondrina.com.br\/agencia\/hospital-evangelico-recebe-doacao-de-universidade\/","title":{"rendered":"Hospital Evang\u00e9lico\u00a0recebe doa\u00e7\u00e3o de universidade"},"content":{"rendered":"<p><img loading=\"lazy\" decoding=\"async\" class=\"size-medium wp-image-6824 aligncenter\" src=\"https:\/\/www.inovelondrina.com.br\/agencia\/wp-content\/uploads\/2019\/10\/ju_social-300x300.jpg\" alt=\"\" width=\"300\" height=\"300\" srcset=\"https:\/\/www.inovelondrina.com.br\/agencia\/wp-content\/uploads\/2019\/10\/ju_social-300x300.jpg 300w, https:\/\/www.inovelondrina.com.br\/agencia\/wp-content\/uploads\/2019\/10\/ju_social.jpg 400w, https:\/\/www.inovelondrina.com.br\/agencia\/wp-content\/uploads\/2019\/10\/ju_social-146x146.jpg 146w\" sizes=\"auto, (max-width: 300px) 100vw, 300px\" \/><\/p>\n<p>Estudantes e professores do curso de Medicina da Pontif\u00edcia Universidade Cat\u00f3lica do Paran\u00e1 (PUCPR)\u00a0C\u00e2mpus\u00a0Londrina\u00a0uniram-se para ajudar institui\u00e7\u00f5es da cidade neste per\u00edodo de pandemia do\u00a0coronav\u00edrus.\u00a0A Semana do Saber\u00a0Ser, realizada entre 22 e 27 de maio de forma 100% online\u00a0reuniu mais de 300 pessoas, resultando na arrecada\u00e7\u00e3o de seis toneladas de alimentos n\u00e3o perec\u00edveis e 1,8 mil pe\u00e7as de roupa de inverno.<\/p>\n<p>O objetivo foi\u00a0conceder cinco dias de pausa nos estudos\u00a0remotos\u00a0para que todos\u00a0\u2013 docentes, estudantes e\u00a0colaboradores\u00a0do campus\u00a0\u2013\u00a0pudessem se dedicar\u00a0\u00e0s\u00a0atividades\u00a0sociais para\u00a0incentivar\u00a0a\u00a0humaniza\u00e7\u00e3o, valor essencial\u00a0para o exerc\u00edcio da\u00a0Medicina.<\/p>\n<p>Cada turma formou um time com estudantes, professores e\u00a0colaboradores,\u00a0que competiram em atividades como\u00a0quizzes\u00a0sobre o curso, concurso de melhores receitas para tempos de isolamento e de melhor fotografia, competi\u00e7\u00e3o de embaixadinhas e show de talentos. O ponto alto da programa\u00e7\u00e3o, entretanto, foi a prova de arrecada\u00e7\u00e3o de roupas e alimentos.<\/p>\n<p>\u201cFoi\u00a0contagiante\u00a0ver\u00a0o pessoal trabalhando em conjunto, usando fantasias ou pijama, o\u00a0uniforme oficial da gincana.\u00a0Pudemos nos conhecer melhor, enxergar o pr\u00f3ximo que n\u00e3o estava t\u00e3o pr\u00f3ximo, seja colega de turma ou professor, e,\u00a0ao mesmo tempo, trabalhar em prol\u00a0de um objetivo comum\u201d, conta\u00a0Evelin\u00a0Muraguchi, coordenadora do curso de Medicina.<br \/>\nPara o professor do curso de medicina\u00a0Paulo\u00a0Bignardi, a pandemia transformou a educa\u00e7\u00e3o presencial em remota praticamente da noite para o dia. Com isso, os estudantes deixaram de conviver com os colegas de turma e com os professores. De certa forma, a gincana ajudou a quebrar a sensa\u00e7\u00e3o de isolamento.<\/p>\n<p>\u201cA ideia da Semana do Saber Ser foi recuperar, mesmo que parcialmente, um pouco do clima dos corredores da universidade, das conversas que ocorriam nas cantinas, nos intervalos das aulas, al\u00e9m de trabalhar a conscientiza\u00e7\u00e3o social. As atividades se mostraram um verdadeiro mecanismo de forma\u00e7\u00e3o integral para os futuros m\u00e9dicos\u201d,\u00a0ressalta.<\/p>\n<p><strong>Doa\u00e7\u00f5es<\/strong><\/p>\n<p>Os donativos t\u00eam como destino\u00a0diversas\u00a0institui\u00e7\u00f5es da cidade. O primeiro local contemplado foi o Lar Maria Tereza Vieira, que atende 64 idosos e recebeu 20 cestas b\u00e1sicas. A distribui\u00e7\u00e3o foi escalonada e \u00e9 cont\u00ednua, evitando aglomera\u00e7\u00e3o de pessoas. As outras institui\u00e7\u00f5es s\u00e3o Hospital Evang\u00e9lico de Londrina, Associa\u00e7\u00e3o Solidariedade Sempre, CONEX\u00d5ES, Par\u00f3quia Santa Rita, Assentamento S\u00e3o Jorge, projeto Sombra e \u00c1gua Fresca\u00a0e\u00a0Instituto Uni\u00e3o da\u00a0Vit\u00f3ria.<\/p>\n<p>As\u00a0lideran\u00e7as estudantis do Centro Acad\u00eamico (CAMAF)\u00a0e\u00a0integrantes da\u00a0Atl\u00e9tica AAAM I de\u00a0Agosto\u00a0e\u00a0da\u00a0Embaralhada, a\u00a0bateria do curso, ajudaram a organizar as equipes que auxiliam na distribui\u00e7\u00e3o dos donativos.<\/p>\n<p>A estudante Maria Clara\u00a0Pupim, presidente do CAMAF, definiu a\u00a0Semana do Saber Ser como uma s\u00faplica para relembrar a import\u00e2ncia da conviv\u00eancia e das rela\u00e7\u00f5es cultivadas ao longo dos anos.<\/p>\n<p>\u201cCada um tem uma parcela de responsabilidade dentro do espa\u00e7o em que habita: esse foi o maior aprendizado. O caminho que percorremos n\u00e3o \u00e9 s\u00f3 nosso. Sempre, em toda e qualquer situa\u00e7\u00e3o, devemos olhar para o outro e reconhecer nele o nosso semelhante. A a\u00e7\u00e3o de solidariedade com certeza deixar\u00e1 a sua marca nos estudantes de\u00a0Medicina\u201d,\u00a0diz.<\/p>\n<p><a href=\"https:\/\/www.jornaluniao.com.br\/noticias\/londrina\/acao-da-pucpr-londrina-arrecada-doacoes-para-oito-instituicoes-da-regiao-\/\"><em>Juliana F. Cunha\/Asimp<\/em><\/a><\/p>\n","protected":false},"excerpt":{"rendered":"<p>Estudantes e professores do curso de Medicina da Pontif\u00edcia Universidade Cat\u00f3lica do Paran\u00e1 (PUCPR)\u00a0C\u00e2mpus\u00a0Londrina\u00a0uniram-se para ajudar institui\u00e7\u00f5es da cidade neste per\u00edodo de pandemia do\u00a0coronav\u00edrus.\u00a0A Semana do<span class=\"excerpt-hellip\"> [?]<\/span><\/p>\n","protected":false},"author":111,"featured_media":6824,"comment_status":"closed","ping_status":"open","sticky":false,"template":"","format":"standard","meta":{"_joinchat":[],"footnotes":""},"categories":[171],"tags":[],"class_list":["post-7350","post","type-post","status-publish","format-standard","has-post-thumbnail","hentry","category-hospital-evangelico"],"_links":{"self":[{"href":"https:\/\/www.inovelondrina.com.br\/agencia\/wp-json\/wp\/v2\/posts\/7350","targetHints":{"allow":["GET"]}}],"collection":[{"href":"https:\/\/www.inovelondrina.com.br\/agencia\/wp-json\/wp\/v2\/posts"}],"about":[{"href":"https:\/\/www.inovelondrina.com.br\/agencia\/wp-json\/wp\/v2\/types\/post"}],"author":[{"embeddable":true,"href":"https:\/\/www.inovelondrina.com.br\/agencia\/wp-json\/wp\/v2\/users\/111"}],"replies":[{"embeddable":true,"href":"https:\/\/www.inovelondrina.com.br\/agencia\/wp-json\/wp\/v2\/comments?post=7350"}],"version-history":[{"count":0,"href":"https:\/\/www.inovelondrina.com.br\/agencia\/wp-json\/wp\/v2\/posts\/7350\/revisions"}],"wp:featuredmedia":[{"embeddable":true,"href":"https:\/\/www.inovelondrina.com.br\/agencia\/wp-json\/wp\/v2\/media\/6824"}],"wp:attachment":[{"href":"https:\/\/www.inovelondrina.com.br\/agencia\/wp-json\/wp\/v2\/media?parent=7350"}],"wp:term":[{"taxonomy":"category","embeddable":true,"href":"https:\/\/www.inovelondrina.com.br\/agencia\/wp-json\/wp\/v2\/categories?post=7350"},{"taxonomy":"post_tag","embeddable":true,"href":"https:\/\/www.inovelondrina.com.br\/agencia\/wp-json\/wp\/v2\/tags?post=7350"}],"curies":[{"name":"wp","href":"https:\/\/api.w.org\/{rel}","templated":true}]}}