{"id":7347,"date":"2020-06-01T10:49:31","date_gmt":"2020-06-01T13:49:31","guid":{"rendered":"https:\/\/www.inovelondrina.com.br\/agencia\/?p=7347"},"modified":"2020-06-26T16:54:34","modified_gmt":"2020-06-26T19:54:34","slug":"transferencia-de-paciente-de-santo-antonio-da-platina-para-hospital-evangelico-positivado-para-covid-19-foi-atipica","status":"publish","type":"post","link":"https:\/\/www.inovelondrina.com.br\/agencia\/transferencia-de-paciente-de-santo-antonio-da-platina-para-hospital-evangelico-positivado-para-covid-19-foi-atipica\/","title":{"rendered":"Transfer\u00eancia de paciente de Santo Ant\u00f4nio da Platina para Hospital Evang\u00e9lico, positivado para Covid-19, foi at\u00edpica"},"content":{"rendered":"<p>Na \u00faltima semana o Hospital Evang\u00e9lico de Londrina precisou suspender o atendimento no Pronto Socorro por tr\u00eas dias. A medida preventiva foi adota pelo hospital depois de um paciente ter a confirma\u00e7\u00e3o do diagn\u00f3stico de Covid-19.<\/p>\n<p>O paciente de 84 anos foi transferido pela central de leitos de Santo Ant\u00f4nio da Platina. Ele deu entrada no HE com exame inicial negativo para Coronav\u00edrus e diagnosticado com pneumonia em tratamento. A confirma\u00e7\u00e3o de Covid-19 por meio de exame foi dada logo na noite de segunda-feira da semana passada. Na ter\u00e7a-feira o hospital fechou o PS que foi normalizado \u00e0 1h da tarde da \u00faltima sexta-feira.<\/p>\n<p>De acordo com a diretora da 17\u00aa Regional de Sa\u00fade, Lucia Lopes, a transfer\u00eancia do paciente para o HE foi at\u00edpica. A medida foi tomada pela Central de Regula\u00e7\u00e3o de Leitos pelo fato de at\u00e9 ent\u00e3o, o Hospital Universit\u00e1rio de Londrina receber somente pacientes com Coronav\u00edrus confirmados e o fato de a Santa Casa ter o Pronto Socorro fechado por causa de uma alta contamina\u00e7\u00e3o de Covid-19, o outro hospital de refer\u00eancia seria o HE.<\/p>\n<p>A gravidade do caso n\u00e3o permitiu que o paciente se mantivesse no Hospital de Santo Antonio da Platina. Por se tratar de paciente de alta complexidade.<\/p>\n<p>Ainda de acordo com L\u00facia Lopes, a regula\u00e7\u00e3o de leitos segue criteriosamente as regras estabelecidas pela Secretaria Estadual de Sa\u00fade para os pacientes que necessitam de atendimento especializado.<\/p>\n<p>O HU de Londrina permanece como hospital de refer\u00eancia na regi\u00e3o para atendimento de pacientes com Coronav\u00edrus.<\/p>\n<p><a href=\"https:\/\/cbnlondrina.com.br\/materias\/transferencia-de-paciente-de-santo-antonio-da-platina-para-hospital-evangelico-positivado-para-covid-19-foi-atipica\">Por Bruno Carraro<\/a><\/p>\n","protected":false},"excerpt":{"rendered":"<p>Na \u00faltima semana o Hospital Evang\u00e9lico de Londrina precisou suspender o atendimento no Pronto Socorro por tr\u00eas dias. A medida preventiva foi adota pelo hospital depois<span class=\"excerpt-hellip\"> [?]<\/span><\/p>\n","protected":false},"author":111,"featured_media":4319,"comment_status":"closed","ping_status":"open","sticky":false,"template":"","format":"standard","meta":{"_joinchat":[],"footnotes":""},"categories":[159,171],"tags":[],"class_list":["post-7347","post","type-post","status-publish","format-standard","has-post-thumbnail","hentry","category-clientes","category-hospital-evangelico"],"_links":{"self":[{"href":"https:\/\/www.inovelondrina.com.br\/agencia\/wp-json\/wp\/v2\/posts\/7347","targetHints":{"allow":["GET"]}}],"collection":[{"href":"https:\/\/www.inovelondrina.com.br\/agencia\/wp-json\/wp\/v2\/posts"}],"about":[{"href":"https:\/\/www.inovelondrina.com.br\/agencia\/wp-json\/wp\/v2\/types\/post"}],"author":[{"embeddable":true,"href":"https:\/\/www.inovelondrina.com.br\/agencia\/wp-json\/wp\/v2\/users\/111"}],"replies":[{"embeddable":true,"href":"https:\/\/www.inovelondrina.com.br\/agencia\/wp-json\/wp\/v2\/comments?post=7347"}],"version-history":[{"count":0,"href":"https:\/\/www.inovelondrina.com.br\/agencia\/wp-json\/wp\/v2\/posts\/7347\/revisions"}],"wp:featuredmedia":[{"embeddable":true,"href":"https:\/\/www.inovelondrina.com.br\/agencia\/wp-json\/wp\/v2\/media\/4319"}],"wp:attachment":[{"href":"https:\/\/www.inovelondrina.com.br\/agencia\/wp-json\/wp\/v2\/media?parent=7347"}],"wp:term":[{"taxonomy":"category","embeddable":true,"href":"https:\/\/www.inovelondrina.com.br\/agencia\/wp-json\/wp\/v2\/categories?post=7347"},{"taxonomy":"post_tag","embeddable":true,"href":"https:\/\/www.inovelondrina.com.br\/agencia\/wp-json\/wp\/v2\/tags?post=7347"}],"curies":[{"name":"wp","href":"https:\/\/api.w.org\/{rel}","templated":true}]}}