{"id":7299,"date":"2020-05-26T15:40:52","date_gmt":"2020-05-26T18:40:52","guid":{"rendered":"https:\/\/www.inovelondrina.com.br\/agencia\/?p=7299"},"modified":"2020-06-09T15:42:04","modified_gmt":"2020-06-09T18:42:04","slug":"com-o-fechamento-temporario-do-pronto-socorro-do-hospital-evangelico-e-restricao-no-atendimento-na-santa-casa-de-londrina-hu-volta-a-receber-pacientes-que-nao-sao-de-coronavirus","status":"publish","type":"post","link":"https:\/\/www.inovelondrina.com.br\/agencia\/com-o-fechamento-temporario-do-pronto-socorro-do-hospital-evangelico-e-restricao-no-atendimento-na-santa-casa-de-londrina-hu-volta-a-receber-pacientes-que-nao-sao-de-coronavirus\/","title":{"rendered":"Com o fechamento tempor\u00e1rio do Pronto Socorro do Hospital Evang\u00e9lico e restri\u00e7\u00e3o no atendimento na Santa Casa de Londrina, HU volta a receber pacientes que n\u00e3o s\u00e3o de Coronav\u00edrus"},"content":{"rendered":"<header class=\"titulo-pagina\">As medidas restritivas no HE foram anunciadas nesta ter\u00e7a-feira depois de confirma\u00e7\u00e3o de Covid-19 por um paciente que veio de Santo Ant\u00f4nio da Platina.<\/p>\n<\/header>\n<div class=\"conteudo\">\n<p>O Hospital Universit\u00e1rio de Londrina estava, at\u00e9 esta ter\u00e7a-feira, em atendimento exclusivo aos pacientes de Londrina e regi\u00e3o com casos de s\u00edndromes respirat\u00f3rias graves j\u00e1 com suspeita de Coronav\u00edrus e pacientes com confirma\u00e7\u00e3o da doen\u00e7a.<\/p>\n<p>Mas com o fechamento por 72h do Pronto Socorro do Hospital Evang\u00e9lico e com restri\u00e7\u00f5es no atendimento da Santa Casa, o HU volta a receber pacientes no PS.<\/p>\n<p>De acordo com a Superintendente do HU de Londrina, Vivian Feij\u00f3, acendeu um sinal de alerta com a reabertura do Pronto Socorro.<\/p>\n<p>Ela pede a colabora\u00e7\u00e3o dos hospitais da regi\u00e3o no atendimento aos pacientes que precisam de um leito no Pronto Socorro.\u00a0 Atualmente o hospital tem 30 pacientes que n\u00e3o s\u00e3o Coronav\u00edrus e outros 25 com Covid-19.<\/p>\n<p>O Hospital Evang\u00e9lico de Londrina comunicou, nesta ter\u00e7a-feira que suspendeu temporariamente os atendimentos no Pronto Socorro. A medida preventiva foi adota pelo hospital depois de um paciente ter a confirma\u00e7\u00e3o do diagn\u00f3stico de Covid-19.<\/p>\n<p>O paciente de 84 anos foi transferido pela central de leitos na \u00faltima quinta-feira de Santo Ant\u00f4nio da Platina. Ele deu entrada no HE com exame inicial negativo para Coronav\u00edrus e diagn\u00f3stico de pneumonia em tratamento. A confirma\u00e7\u00e3o de Covid-19 por meio de exame foi dada na noite de segunda-feira.<\/p>\n<p>De acordo com o gerente m\u00e9dico do Hospital Evang\u00e9lico, Rodrigo Bettega, o paciente teve uma queda brusca respirat\u00f3ria e ficou isolado na UTI, mas tr\u00eas equipes tiveram contato com o paciente, todos os funcion\u00e1rios com sintomas iniciais v\u00e3o fazer o teste para saberem se foram contaminados e a ala do hospital que o paciente passou passa por uma limpeza de desinfec\u00e7\u00e3o. Para testes com maior abrang\u00eancia foi solicitado ao Minist\u00e9rio P\u00fablico o acesso a testes r\u00e1pidos.<\/p>\n<p>O HE tem oito pacientes confirmados com Covid-19 e outros quatro aguardam exames.<\/p>\n<p>A Santa Casa de Londrina tamb\u00e9m est\u00e1 com restri\u00e7\u00f5es no atendimento do Pronto Socorro. Em nota o hospital afirma que:\u00a0<em>\u201cO CET (Centro de Emerg\u00eancia e Trauma) da Santa Casa de Londrina est\u00e1 com atendimento normal desde o dia 18 de maio. Desde ent\u00e3o, a capacidade limite do setor foi estipulada em 12 leitos. Essa \u00e9 uma das medidas para evitar novas superlota\u00e7\u00f5es e aumentar a seguran\u00e7a tanto de pacientes quanto de profissionais.\u201d<\/em><\/p>\n<p>A medida da Santa Casa se fez necess\u00e1ria por conta do surto de confirma\u00e7\u00f5es de Coronav\u00edrus e afastamentos de funcion\u00e1rios no hospital. A situa\u00e7\u00e3o veio \u00e1 tona no final da semana passada e durante o final de semana, o PS ficou interditado como medi\u00e7\u00e3o de conten\u00e7\u00e3o.<\/p>\n<p>O Sindicato dos profissionais de sa\u00fade, Sinsa\u00fade, por meio do advogado, Gerv\u00e1zio Luiz Martin Junior, notificou a prefeitura para tomar medidas para evitar superlota\u00e7\u00e3o e novas transmiss\u00f5es nas unidades hospitalares.<\/p>\n<p>A reportagem tentou contato com o secret\u00e1rio de sa\u00fade Felippe Machado, mas at\u00e9 o fechamento desta edi\u00e7\u00e3o, ele n\u00e3o atendeu as nossas liga\u00e7\u00f5es.<\/p>\n<audio class=\"wp-audio-shortcode\" id=\"audio-7299-1\" preload=\"none\" style=\"width: 100%;\" controls=\"controls\"><source type=\"audio\/mpeg\" src=\"https:\/\/cbnlondrina.com.br\/uploads\/materia_audio\/21-BRUNO_YRYiSCc5BZTgAOR.mp3?_=1\" \/><a href=\"https:\/\/cbnlondrina.com.br\/uploads\/materia_audio\/21-BRUNO_YRYiSCc5BZTgAOR.mp3\">https:\/\/cbnlondrina.com.br\/uploads\/materia_audio\/21-BRUNO_YRYiSCc5BZTgAOR.mp3<\/a><\/audio>\n<\/div>\n<div class=\"item-por\">Por\u00a0<a href=\"https:\/\/cbnlondrina.com.br\/materias\/com-o-fechamento-temporario-do-pronto-socorro-do-hospital-evangelico-e-restricao-no-atendimento-na-santa-casa-de-londrina-hu-volta-a-receber-pacientes-que-nao-sao-de-coronavirus\"><b>Bruno Carraro<\/b><\/a><\/div>\n","protected":false},"excerpt":{"rendered":"<p>As medidas restritivas no HE foram anunciadas nesta ter\u00e7a-feira depois de confirma\u00e7\u00e3o de Covid-19 por um paciente que veio de Santo Ant\u00f4nio da Platina. O Hospital<span class=\"excerpt-hellip\"> [?]<\/span><\/p>\n","protected":false},"author":110,"featured_media":4319,"comment_status":"closed","ping_status":"open","sticky":false,"template":"","format":"standard","meta":{"_joinchat":[],"footnotes":""},"categories":[159,171],"tags":[],"class_list":["post-7299","post","type-post","status-publish","format-standard","has-post-thumbnail","hentry","category-clientes","category-hospital-evangelico"],"_links":{"self":[{"href":"https:\/\/www.inovelondrina.com.br\/agencia\/wp-json\/wp\/v2\/posts\/7299","targetHints":{"allow":["GET"]}}],"collection":[{"href":"https:\/\/www.inovelondrina.com.br\/agencia\/wp-json\/wp\/v2\/posts"}],"about":[{"href":"https:\/\/www.inovelondrina.com.br\/agencia\/wp-json\/wp\/v2\/types\/post"}],"author":[{"embeddable":true,"href":"https:\/\/www.inovelondrina.com.br\/agencia\/wp-json\/wp\/v2\/users\/110"}],"replies":[{"embeddable":true,"href":"https:\/\/www.inovelondrina.com.br\/agencia\/wp-json\/wp\/v2\/comments?post=7299"}],"version-history":[{"count":0,"href":"https:\/\/www.inovelondrina.com.br\/agencia\/wp-json\/wp\/v2\/posts\/7299\/revisions"}],"wp:featuredmedia":[{"embeddable":true,"href":"https:\/\/www.inovelondrina.com.br\/agencia\/wp-json\/wp\/v2\/media\/4319"}],"wp:attachment":[{"href":"https:\/\/www.inovelondrina.com.br\/agencia\/wp-json\/wp\/v2\/media?parent=7299"}],"wp:term":[{"taxonomy":"category","embeddable":true,"href":"https:\/\/www.inovelondrina.com.br\/agencia\/wp-json\/wp\/v2\/categories?post=7299"},{"taxonomy":"post_tag","embeddable":true,"href":"https:\/\/www.inovelondrina.com.br\/agencia\/wp-json\/wp\/v2\/tags?post=7299"}],"curies":[{"name":"wp","href":"https:\/\/api.w.org\/{rel}","templated":true}]}}