{"id":7280,"date":"2020-05-26T15:25:26","date_gmt":"2020-05-26T18:25:26","guid":{"rendered":"https:\/\/www.inovelondrina.com.br\/agencia\/?p=7280"},"modified":"2020-06-09T15:27:25","modified_gmt":"2020-06-09T18:27:25","slug":"pronto-socorro-do-evangelico-e-fechado-apos-atender-paciente-com-covid","status":"publish","type":"post","link":"https:\/\/www.inovelondrina.com.br\/agencia\/pronto-socorro-do-evangelico-e-fechado-apos-atender-paciente-com-covid\/","title":{"rendered":"Pronto-socorro do Evang\u00e9lico \u00e9 fechado ap\u00f3s atender paciente com covid"},"content":{"rendered":"<p class=\"subtitle\">Local permanecer\u00e1 com atendimentos suspensos por 72 horas.<\/p>\n<p>O Hospital Evang\u00e9lico de Londrina suspendeu todos os atendimentos no pronto-socorro da unidade por 72 horas, ap\u00f3s a confirma\u00e7\u00e3o de um paciente com coronav\u00edrus que foi atendido no local.<\/p>\n<p>A assessoria do hospital explica que a medida \u00e9 preventiva, e acontece ap\u00f3s o atendimento de um paciente de 84 anos, de Santo Antonio da Platina. Ele possui pneumonia e embolia pulmonar, e no teste r\u00e1pido para covid-19, havia apresentado negativo, no entanto, na noite desta segunda-feira (25), um novo exame apontou positivo para a doen\u00e7a.<\/p>\n<p>O espa\u00e7o foi evacuado e passa uma r\u00edgida higieniza\u00e7\u00e3o. Funcion\u00e1rios que trabalham na unidade tamb\u00e9m devem receber monitoramento.<\/p>\n<p><a href=\"https:\/\/temlondrina.com.br\/coronavirus\/pronto-socorro-do-evangelico-e-fechado-apos-atender-paciente-com-covid\/\">Fonte<\/a><\/p>\n","protected":false},"excerpt":{"rendered":"<p>Local permanecer\u00e1 com atendimentos suspensos por 72 horas. O Hospital Evang\u00e9lico de Londrina suspendeu todos os atendimentos no pronto-socorro da unidade por 72 horas, ap\u00f3s a<span class=\"excerpt-hellip\"> [?]<\/span><\/p>\n","protected":false},"author":110,"featured_media":7232,"comment_status":"closed","ping_status":"open","sticky":false,"template":"","format":"standard","meta":{"_joinchat":[],"footnotes":""},"categories":[159,171],"tags":[],"class_list":["post-7280","post","type-post","status-publish","format-standard","has-post-thumbnail","hentry","category-clientes","category-hospital-evangelico"],"_links":{"self":[{"href":"https:\/\/www.inovelondrina.com.br\/agencia\/wp-json\/wp\/v2\/posts\/7280","targetHints":{"allow":["GET"]}}],"collection":[{"href":"https:\/\/www.inovelondrina.com.br\/agencia\/wp-json\/wp\/v2\/posts"}],"about":[{"href":"https:\/\/www.inovelondrina.com.br\/agencia\/wp-json\/wp\/v2\/types\/post"}],"author":[{"embeddable":true,"href":"https:\/\/www.inovelondrina.com.br\/agencia\/wp-json\/wp\/v2\/users\/110"}],"replies":[{"embeddable":true,"href":"https:\/\/www.inovelondrina.com.br\/agencia\/wp-json\/wp\/v2\/comments?post=7280"}],"version-history":[{"count":0,"href":"https:\/\/www.inovelondrina.com.br\/agencia\/wp-json\/wp\/v2\/posts\/7280\/revisions"}],"wp:featuredmedia":[{"embeddable":true,"href":"https:\/\/www.inovelondrina.com.br\/agencia\/wp-json\/wp\/v2\/media\/7232"}],"wp:attachment":[{"href":"https:\/\/www.inovelondrina.com.br\/agencia\/wp-json\/wp\/v2\/media?parent=7280"}],"wp:term":[{"taxonomy":"category","embeddable":true,"href":"https:\/\/www.inovelondrina.com.br\/agencia\/wp-json\/wp\/v2\/categories?post=7280"},{"taxonomy":"post_tag","embeddable":true,"href":"https:\/\/www.inovelondrina.com.br\/agencia\/wp-json\/wp\/v2\/tags?post=7280"}],"curies":[{"name":"wp","href":"https:\/\/api.w.org\/{rel}","templated":true}]}}