{"id":7261,"date":"2020-05-14T15:02:20","date_gmt":"2020-05-14T18:02:20","guid":{"rendered":"https:\/\/www.inovelondrina.com.br\/agencia\/?p=7261"},"modified":"2020-06-09T15:12:47","modified_gmt":"2020-06-09T18:12:47","slug":"pr-campanha-vai-incentivar-uso-de-mascaras-nos-onibus","status":"publish","type":"post","link":"https:\/\/www.inovelondrina.com.br\/agencia\/pr-campanha-vai-incentivar-uso-de-mascaras-nos-onibus\/","title":{"rendered":"PR: Campanha vai incentivar uso de m\u00e1scaras nos \u00f4nibus"},"content":{"rendered":"<p>CURITIBA \u2013 O Governo do Estado, por meio da Secretaria de Estado da Comunica\u00e7\u00e3o Social e Cultura, lan\u00e7ou nesta quarta-feira (13) a campanha \u201cVai de M\u00e1scara\u201d, que orienta toda a popula\u00e7\u00e3o a usar m\u00e1scaras de prote\u00e7\u00e3o individual durante suas atividades do dia a dia, como forma de preven\u00e7\u00e3o ao coronav\u00edrus.<\/p>\n<p>A campanha contar\u00e1 com cartazes que ser\u00e3o distribu\u00eddos entre diversos pr\u00e9dios p\u00fablicos e no interior dos \u00f4nibus do transporte coletivo, adesivo nos vidros traseiros dos \u00f4nibus e an\u00fancios em televis\u00e3o e redes sociais do Governo do Estado.<\/p>\n<p>Segundo o presidente da Coordena\u00e7\u00e3o da Regi\u00e3o Metropolitana \u2013 Comec, Gilson Santos, a ideia \u00e9 refor\u00e7ar a utiliza\u00e7\u00e3o das m\u00e1scaras principalmente no interior dos \u00f4nibus.\u00a0<em>\u201cInfelizmente ainda vemos casos de pessoas que n\u00e3o est\u00e3o usando m\u00e1scaras e o refor\u00e7o nessa comunica\u00e7\u00e3o \u00e9 fundamental para conscientizar a popula\u00e7\u00e3o da import\u00e2ncia desse cuidado dentro dos \u00f4nibus\u201d<\/em>, destacou.<\/p>\n<p>Especialistas afirmam que o uso de m\u00e1scaras \u00e9 um poderoso instrumento para frear a prolifera\u00e7\u00e3o do v\u00edrus, pois impede que as got\u00edculas de saliva de um poss\u00edvel portador sejam expelidas no ambiente e acabem contaminando outras pessoas.<\/p>\n<p>A campanha refor\u00e7a que a preocupa\u00e7\u00e3o com o uso da m\u00e1scara deve se dar em diversas atividades do dia a dia, e n\u00e3o apenas no transporte coletivo. S\u00e3o situa\u00e7\u00f5es como sair de casa, abastecer o carro, ir ao m\u00e9dico, ao trabalho, supermercado, entre outras.<\/p>\n<p>No dia 28 de abril, o governado Carlos Massa Ratinho Junior sancionou a Lei 20.189\/20 que torna obrigat\u00f3rio o uso de m\u00e1scara em ambientes coletivos em todo o Paran\u00e1. Quem descumprir a legisla\u00e7\u00e3o estar\u00e1 sujeito \u00e0 multa.<\/p>\n<p>De acordo com o governador, o isolamento social \u00e9 a melhor forma de preven\u00e7\u00e3o, mas quem precisar sair de casa, a partir de agora, dever\u00e1 usar m\u00e1scara para ajudar a evitar a contamina\u00e7\u00e3o. \u201cNosso grande desafio \u00e9 reduzir a prolifera\u00e7\u00e3o do v\u00edrus\u201d, afirma.<\/p>\n<p>Com informa\u00e7\u00f5es do Governo do Paran\u00e1.<\/p>\n<p><a href=\"https:\/\/revistadoonibus.com\/2020\/05\/14\/pr-campanha-vai-incentivar-uso-de-mascaras-nos-onibus\/\">fonte<\/a><\/p>\n","protected":false},"excerpt":{"rendered":"<p>CURITIBA \u2013 O Governo do Estado, por meio da Secretaria de Estado da Comunica\u00e7\u00e3o Social e Cultura, lan\u00e7ou nesta quarta-feira (13) a campanha \u201cVai de M\u00e1scara\u201d,<span class=\"excerpt-hellip\"> [?]<\/span><\/p>\n","protected":false},"author":110,"featured_media":7263,"comment_status":"closed","ping_status":"open","sticky":false,"template":"","format":"standard","meta":{"_joinchat":[],"footnotes":""},"categories":[159,171],"tags":[],"class_list":["post-7261","post","type-post","status-publish","format-standard","has-post-thumbnail","hentry","category-clientes","category-hospital-evangelico"],"_links":{"self":[{"href":"https:\/\/www.inovelondrina.com.br\/agencia\/wp-json\/wp\/v2\/posts\/7261","targetHints":{"allow":["GET"]}}],"collection":[{"href":"https:\/\/www.inovelondrina.com.br\/agencia\/wp-json\/wp\/v2\/posts"}],"about":[{"href":"https:\/\/www.inovelondrina.com.br\/agencia\/wp-json\/wp\/v2\/types\/post"}],"author":[{"embeddable":true,"href":"https:\/\/www.inovelondrina.com.br\/agencia\/wp-json\/wp\/v2\/users\/110"}],"replies":[{"embeddable":true,"href":"https:\/\/www.inovelondrina.com.br\/agencia\/wp-json\/wp\/v2\/comments?post=7261"}],"version-history":[{"count":0,"href":"https:\/\/www.inovelondrina.com.br\/agencia\/wp-json\/wp\/v2\/posts\/7261\/revisions"}],"wp:featuredmedia":[{"embeddable":true,"href":"https:\/\/www.inovelondrina.com.br\/agencia\/wp-json\/wp\/v2\/media\/7263"}],"wp:attachment":[{"href":"https:\/\/www.inovelondrina.com.br\/agencia\/wp-json\/wp\/v2\/media?parent=7261"}],"wp:term":[{"taxonomy":"category","embeddable":true,"href":"https:\/\/www.inovelondrina.com.br\/agencia\/wp-json\/wp\/v2\/categories?post=7261"},{"taxonomy":"post_tag","embeddable":true,"href":"https:\/\/www.inovelondrina.com.br\/agencia\/wp-json\/wp\/v2\/tags?post=7261"}],"curies":[{"name":"wp","href":"https:\/\/api.w.org\/{rel}","templated":true}]}}