{"id":7255,"date":"2020-05-29T14:55:36","date_gmt":"2020-05-29T17:55:36","guid":{"rendered":"https:\/\/www.inovelondrina.com.br\/agencia\/?p=7255"},"modified":"2020-06-09T15:00:16","modified_gmt":"2020-06-09T18:00:16","slug":"hospital-evangelico-vai-reabri-pronto-socorro-nesta-sexta-feira-2","status":"publish","type":"post","link":"https:\/\/www.inovelondrina.com.br\/agencia\/hospital-evangelico-vai-reabri-pronto-socorro-nesta-sexta-feira-2\/","title":{"rendered":"Hospital Evang\u00e9lico vai reabri pronto-socorro nesta sexta-feira"},"content":{"rendered":"<p>Unidade estava fechada desde ter\u00e7a-feira ap\u00f3s um paciente de 84 anos testar positivo para o coronav\u00edrus.<\/p>\n<p>link para a reportagem: <a href=\"https:\/\/www.folhadelondrina.com.br\/geral\/hospital-evangelico-vai-reabrir-pronto-socorro-nesta-sexta-2993589e.html\">www.folhadelondrina.com.br\/geral\/hospital-evangelico-vai-reabrir-pronto-socorro-nesta-sexta-2993589e.html<\/a><\/p>\n","protected":false},"excerpt":{"rendered":"<p>Unidade estava fechada desde ter\u00e7a-feira ap\u00f3s um paciente de 84 anos testar positivo para o coronav\u00edrus. link para a reportagem: www.folhadelondrina.com.br\/geral\/hospital-evangelico-vai-reabrir-pronto-socorro-nesta-sexta-2993589e.html<\/p>\n","protected":false},"author":110,"featured_media":4318,"comment_status":"closed","ping_status":"open","sticky":false,"template":"","format":"standard","meta":{"_joinchat":[],"footnotes":""},"categories":[159,171],"tags":[],"class_list":["post-7255","post","type-post","status-publish","format-standard","has-post-thumbnail","hentry","category-clientes","category-hospital-evangelico"],"_links":{"self":[{"href":"https:\/\/www.inovelondrina.com.br\/agencia\/wp-json\/wp\/v2\/posts\/7255","targetHints":{"allow":["GET"]}}],"collection":[{"href":"https:\/\/www.inovelondrina.com.br\/agencia\/wp-json\/wp\/v2\/posts"}],"about":[{"href":"https:\/\/www.inovelondrina.com.br\/agencia\/wp-json\/wp\/v2\/types\/post"}],"author":[{"embeddable":true,"href":"https:\/\/www.inovelondrina.com.br\/agencia\/wp-json\/wp\/v2\/users\/110"}],"replies":[{"embeddable":true,"href":"https:\/\/www.inovelondrina.com.br\/agencia\/wp-json\/wp\/v2\/comments?post=7255"}],"version-history":[{"count":0,"href":"https:\/\/www.inovelondrina.com.br\/agencia\/wp-json\/wp\/v2\/posts\/7255\/revisions"}],"wp:featuredmedia":[{"embeddable":true,"href":"https:\/\/www.inovelondrina.com.br\/agencia\/wp-json\/wp\/v2\/media\/4318"}],"wp:attachment":[{"href":"https:\/\/www.inovelondrina.com.br\/agencia\/wp-json\/wp\/v2\/media?parent=7255"}],"wp:term":[{"taxonomy":"category","embeddable":true,"href":"https:\/\/www.inovelondrina.com.br\/agencia\/wp-json\/wp\/v2\/categories?post=7255"},{"taxonomy":"post_tag","embeddable":true,"href":"https:\/\/www.inovelondrina.com.br\/agencia\/wp-json\/wp\/v2\/tags?post=7255"}],"curies":[{"name":"wp","href":"https:\/\/api.w.org\/{rel}","templated":true}]}}