{"id":7249,"date":"2020-05-29T14:49:07","date_gmt":"2020-05-29T17:49:07","guid":{"rendered":"https:\/\/www.inovelondrina.com.br\/agencia\/?p=7249"},"modified":"2020-06-09T14:51:23","modified_gmt":"2020-06-09T17:51:23","slug":"depois-de-tres-dias-fechado-hospital-evangelico-reabre-pronto-socorro","status":"publish","type":"post","link":"https:\/\/www.inovelondrina.com.br\/agencia\/depois-de-tres-dias-fechado-hospital-evangelico-reabre-pronto-socorro\/","title":{"rendered":"Depois de tr\u00eas dias fechado, Hospital Evang\u00e9lico reabre pronto-socorro"},"content":{"rendered":"<header class=\"titulo-pagina\">Os pacientes foram remanejados e a ala foi desinfetada<\/p>\n<\/header>\n<div class=\"conteudo\">\n<p>O Hospital Evang\u00e9lico de Londrina comunicou que o pronto-socorro vai ser reaberto hoje \u00e0s 13h depois de ficar tr\u00eas dias sem receber pacientes. Por meio de nota, o hospital afirma que foi feito um remanejamento de pacientes internados naquela ala e foi poss\u00edvel realizar a desinfec\u00e7\u00e3o de toda a \u00e1rea do pronto-socorro. Ainda de acordo com o hospital, todas as medidas foram tomadas para garantir a seguran\u00e7a dos pacientes e colaboradores.<\/p>\n<p>A suspens\u00e3o dos atendimentos foi preventiva e se fez necess\u00e1ria para a seguran\u00e7a das pessoas que haviam passado pelo local . Isso por conta do diagn\u00f3stico de Covid-19 por um paciente de 84 anos que veio transferido pela central de leitos no dia 21\/05 de Santo Ant\u00f4nio da Platina. Ele deu entrada no HE com exame inicial negativo para Covid e diagn\u00f3stico de pneumonia em tratamento, sepse e embolia pulmonar. E na segunda-feira foi comunicado pelo hospital de origem que o paciente positivou o exame para Covid-19. Diante da situa\u00e7\u00e3o, foi determinado o fechamento imediato do pronto-socorro para seguran\u00e7a dos pacientes.<\/p>\n<p>Com o fechamento, a secretaria municipal de sa\u00fade anunciou o encaminhamento de pacientes de Londrina para cidades da regi\u00e3o, como Arapongas e Apucarana. Segundo levantamento do Honpar (Hospital Norte Paranaense) a taxa de ocupa\u00e7\u00e3o da unidade subiu de 30% para 90% depois das transfer\u00eancias. Da capacidade, que \u00e9 de 20 leitos de UTI (Unidade de Terapia Intensiva) e 40 de enfermaria, 16 pacientes estavam em estado grave. Desses, 13 eram daqui. Dois leitos ficam reservados caso trocas sejam necess\u00e1rias.<\/p>\n<p>A Santa Casa de Londrina, por conta de confirma\u00e7\u00f5es de COVID-19 em funcion\u00e1rios, tamb\u00e9m restringiu o atendimento no pronto-socorro e remanejou pacientes. A Central de Leitos est\u00e1 enviando pacientes para outros hospitais.<\/p>\n<p>No di\u00e1rio oficial da prefeitura desta quinta-feira, a secretaria de sa\u00fade confirmou \u201co incremento financeiro para leitos de UTI-COVID de hospitais privados do Munic\u00edpio de Londrina\u201d. A proposta \u00e9 comprar leitos a um valor de R$ 360 a di\u00e1ria. A inten\u00e7\u00e3o \u00e9 adquirir 50 unidades, ainda em junho, em qualquer um dos hospitais da cidade que tenha UTI dispon\u00edvel.<\/p>\n<audio class=\"wp-audio-shortcode\" id=\"audio-7249-1\" preload=\"none\" style=\"width: 100%;\" controls=\"controls\"><source type=\"audio\/mpeg\" src=\"https:\/\/cbnlondrina.com.br\/uploads\/materia_audio\/30-CLAUDIA_zDtALJXsU3O6MvI.mp3?_=1\" \/><a href=\"https:\/\/cbnlondrina.com.br\/uploads\/materia_audio\/30-CLAUDIA_zDtALJXsU3O6MvI.mp3\">https:\/\/cbnlondrina.com.br\/uploads\/materia_audio\/30-CLAUDIA_zDtALJXsU3O6MvI.mp3<\/a><\/audio>\n<\/div>\n<div class=\"item-por\">Por\u00a0<a href=\"https:\/\/cbnlondrina.com.br\/materias\/depois-de-tres-dias-fechado-hospital-evangelico-reabre-pronto-socorro\"><b>Claudia Lima<\/b><\/a><\/div>\n<div><\/div>\n","protected":false},"excerpt":{"rendered":"<p>Os pacientes foram remanejados e a ala foi desinfetada O Hospital Evang\u00e9lico de Londrina comunicou que o pronto-socorro vai ser reaberto hoje \u00e0s 13h depois de<span class=\"excerpt-hellip\"> [?]<\/span><\/p>\n","protected":false},"author":110,"featured_media":4319,"comment_status":"closed","ping_status":"open","sticky":false,"template":"","format":"standard","meta":{"_joinchat":[],"footnotes":""},"categories":[159,171],"tags":[],"class_list":["post-7249","post","type-post","status-publish","format-standard","has-post-thumbnail","hentry","category-clientes","category-hospital-evangelico"],"_links":{"self":[{"href":"https:\/\/www.inovelondrina.com.br\/agencia\/wp-json\/wp\/v2\/posts\/7249","targetHints":{"allow":["GET"]}}],"collection":[{"href":"https:\/\/www.inovelondrina.com.br\/agencia\/wp-json\/wp\/v2\/posts"}],"about":[{"href":"https:\/\/www.inovelondrina.com.br\/agencia\/wp-json\/wp\/v2\/types\/post"}],"author":[{"embeddable":true,"href":"https:\/\/www.inovelondrina.com.br\/agencia\/wp-json\/wp\/v2\/users\/110"}],"replies":[{"embeddable":true,"href":"https:\/\/www.inovelondrina.com.br\/agencia\/wp-json\/wp\/v2\/comments?post=7249"}],"version-history":[{"count":0,"href":"https:\/\/www.inovelondrina.com.br\/agencia\/wp-json\/wp\/v2\/posts\/7249\/revisions"}],"wp:featuredmedia":[{"embeddable":true,"href":"https:\/\/www.inovelondrina.com.br\/agencia\/wp-json\/wp\/v2\/media\/4319"}],"wp:attachment":[{"href":"https:\/\/www.inovelondrina.com.br\/agencia\/wp-json\/wp\/v2\/media?parent=7249"}],"wp:term":[{"taxonomy":"category","embeddable":true,"href":"https:\/\/www.inovelondrina.com.br\/agencia\/wp-json\/wp\/v2\/categories?post=7249"},{"taxonomy":"post_tag","embeddable":true,"href":"https:\/\/www.inovelondrina.com.br\/agencia\/wp-json\/wp\/v2\/tags?post=7249"}],"curies":[{"name":"wp","href":"https:\/\/api.w.org\/{rel}","templated":true}]}}