{"id":7247,"date":"2020-05-29T14:47:06","date_gmt":"2020-05-29T17:47:06","guid":{"rendered":"https:\/\/www.inovelondrina.com.br\/agencia\/?p=7247"},"modified":"2020-06-09T14:48:51","modified_gmt":"2020-06-09T17:48:51","slug":"pronto-socorro-do-hospital-evangelico-de-londrina-reabre-apos-3-dias","status":"publish","type":"post","link":"https:\/\/www.inovelondrina.com.br\/agencia\/pronto-socorro-do-hospital-evangelico-de-londrina-reabre-apos-3-dias\/","title":{"rendered":"Pronto-socorro do Hospital Evang\u00e9lico de Londrina reabre ap\u00f3s 3 dias"},"content":{"rendered":"<div class=\"mc-column content-text active-extra-styles \" data-block-type=\"unstyled\" data-block-weight=\"38\" data-block-id=\"2\">\n<p class=\"content-head__subtitle\">Setor ficou fechado por tr\u00eas dias ap\u00f3s pacientes com Covid-19 ser atendido.<\/p>\n<p class=\"content-text__container \" data-track-category=\"Link no Texto\" data-track-links=\"\">O Pronto-socorro do Hospital Evang\u00e9lico de Londrina, no norte do Paran\u00e1, reabriu depois de ficar tr\u00eas sem receber pacientes. A ala foi fechada porque, segundo o hospital,\u00a0um paciente com diagn\u00f3stico confirmado de Covid-19 foi atendido no setor.<\/p>\n<\/div>\n<div class=\"wall protected-content\">\n<div class=\"mc-column content-text active-extra-styles \" data-block-type=\"unstyled\" data-block-weight=\"48\" data-block-id=\"3\">\n<p class=\"content-text__container \" data-track-category=\"Link no Texto\" data-track-links=\"\">At\u00e9 quinta-feira (28), no \u00faltimo boletim divulgado pela Secretaria Municipal de Sa\u00fade, Londrina tinha 340 confirma\u00e7\u00f5es da doen\u00e7a, sendo que 183 pessoas se curaram e 21 morreram por complica\u00e7\u00f5es da Covid-19. O munic\u00edpio informou que h\u00e1 oito pacientes com diagn\u00f3stico positivo para o novo coronav\u00edrus internados em UTI.<\/p>\n<\/div>\n<div class=\"mc-column content-text active-extra-styles \" data-block-type=\"unstyled\" data-block-weight=\"27\" data-block-id=\"4\">\n<p class=\"content-text__container \" data-track-category=\"Link no Texto\" data-track-links=\"\">A reabertura ocorreu por volta das 13h30 desta sexta-feira (29), ainda conforme a assessoria do Hospital Evang\u00e9lico, ap\u00f3s o local passar por um processo de higieniza\u00e7\u00e3o.<\/p>\n<\/div>\n<div class=\"mc-column content-text active-extra-styles \" data-block-type=\"unstyled\" data-block-weight=\"22\" data-block-id=\"5\">\n<p class=\"content-text__container \" data-track-category=\"Link no Texto\" data-track-links=\"\">Pacientes de conv\u00eanio m\u00e9dico e do Sistema \u00danico de Sa\u00fade (SUS) voltaram a ser encaminhados pela Central de Regula\u00e7\u00e3o de Leitos.<\/p>\n<\/div>\n<div class=\"mc-column content-text active-extra-styles \" data-block-type=\"unstyled\" data-block-weight=\"22\" data-block-id=\"6\">\n<p class=\"content-text__container \" data-track-category=\"Link no Texto\" data-track-links=\"\">O Pronto-socorro do Evang\u00e9lico tem capacidade para 20 leitos. At\u00e9 as 15h20, o hospital n\u00e3o havia divulgado a quantidade de pacientes internados.<\/p>\n<\/div>\n<div class=\"mc-column content-text active-extra-styles \" data-block-type=\"unstyled\" data-block-weight=\"18\" data-block-id=\"7\">\n<p class=\"content-text__container \" data-track-category=\"Link no Texto\" data-track-links=\"\">O hospital informou que 22 funcion\u00e1rios que estiveram pr\u00f3ximos do paciente foram testados para o novo coronav\u00edrus.<\/p>\n<\/div>\n<div class=\"mc-column content-text active-extra-styles \" data-block-type=\"unstyled\" data-block-weight=\"37\" data-block-id=\"8\">\n<p class=\"content-text__container \" data-track-category=\"Link no Texto\" data-track-links=\"\">O Hospital Evang\u00e9lico informou que dos 1.550 funcion\u00e1rios, 30 foram contaminados pelo novo coronav\u00edrus, a suspeita \u00e9 que apenas cinco deles testaram positivo para a doen\u00e7a depois de terem tido contado com o paciente do pronto-socorro.<\/p>\n<\/div>\n<div class=\"mc-column content-text active-extra-styles \" data-block-type=\"unstyled\" data-block-weight=\"21\" data-block-id=\"10\">\n<p class=\"content-text__container \" data-track-category=\"Link no Texto\" data-track-links=\"\">Nesta sexta-feira (29), o hospital tem seis pessoas internadas com Covid-19, duas delas est\u00e3o na Unidade de Terapia Intensiva (UTI).<\/p>\n<\/div>\n<div class=\"mc-column content-text active-extra-styles \" data-block-type=\"unstyled\" data-block-weight=\"18\" data-block-id=\"11\">\n<p class=\"content-text__container \" data-track-category=\"Link no Texto\" data-track-links=\"\">H\u00e1 ainda outros seis casos suspeitos sendo investigados que est\u00e3o internados no hospital, tr\u00eas pessoas est\u00e3o na UTI.<\/p>\n<p data-track-category=\"Link no Texto\" data-track-links=\"\"><a href=\"https:\/\/g1.globo.com\/pr\/norte-noroeste\/noticia\/2020\/05\/29\/pronto-socorro-do-hospital-evangelico-de-londrina-reabre-apos-higienizacao.ghtml\">fonte<\/a><\/p>\n<\/div>\n<\/div>\n","protected":false},"excerpt":{"rendered":"<p>Setor ficou fechado por tr\u00eas dias ap\u00f3s pacientes com Covid-19 ser atendido. O Pronto-socorro do Hospital Evang\u00e9lico de Londrina, no norte do Paran\u00e1, reabriu depois de<span class=\"excerpt-hellip\"> [?]<\/span><\/p>\n","protected":false},"author":110,"featured_media":7144,"comment_status":"closed","ping_status":"open","sticky":false,"template":"","format":"standard","meta":{"_joinchat":[],"footnotes":""},"categories":[159,171],"tags":[],"class_list":["post-7247","post","type-post","status-publish","format-standard","has-post-thumbnail","hentry","category-clientes","category-hospital-evangelico"],"_links":{"self":[{"href":"https:\/\/www.inovelondrina.com.br\/agencia\/wp-json\/wp\/v2\/posts\/7247","targetHints":{"allow":["GET"]}}],"collection":[{"href":"https:\/\/www.inovelondrina.com.br\/agencia\/wp-json\/wp\/v2\/posts"}],"about":[{"href":"https:\/\/www.inovelondrina.com.br\/agencia\/wp-json\/wp\/v2\/types\/post"}],"author":[{"embeddable":true,"href":"https:\/\/www.inovelondrina.com.br\/agencia\/wp-json\/wp\/v2\/users\/110"}],"replies":[{"embeddable":true,"href":"https:\/\/www.inovelondrina.com.br\/agencia\/wp-json\/wp\/v2\/comments?post=7247"}],"version-history":[{"count":0,"href":"https:\/\/www.inovelondrina.com.br\/agencia\/wp-json\/wp\/v2\/posts\/7247\/revisions"}],"wp:featuredmedia":[{"embeddable":true,"href":"https:\/\/www.inovelondrina.com.br\/agencia\/wp-json\/wp\/v2\/media\/7144"}],"wp:attachment":[{"href":"https:\/\/www.inovelondrina.com.br\/agencia\/wp-json\/wp\/v2\/media?parent=7247"}],"wp:term":[{"taxonomy":"category","embeddable":true,"href":"https:\/\/www.inovelondrina.com.br\/agencia\/wp-json\/wp\/v2\/categories?post=7247"},{"taxonomy":"post_tag","embeddable":true,"href":"https:\/\/www.inovelondrina.com.br\/agencia\/wp-json\/wp\/v2\/tags?post=7247"}],"curies":[{"name":"wp","href":"https:\/\/api.w.org\/{rel}","templated":true}]}}