{"id":7240,"date":"2020-05-26T14:40:44","date_gmt":"2020-05-26T17:40:44","guid":{"rendered":"https:\/\/www.inovelondrina.com.br\/agencia\/?p=7240"},"modified":"2020-06-09T14:42:41","modified_gmt":"2020-06-09T17:42:41","slug":"interdicao-do-pronto-socorro-do-evangelico-vai-impactar-outros-hospitais","status":"publish","type":"post","link":"https:\/\/www.inovelondrina.com.br\/agencia\/interdicao-do-pronto-socorro-do-evangelico-vai-impactar-outros-hospitais\/","title":{"rendered":"Interdi\u00e7\u00e3o do Pronto-Socorro do Evang\u00e9lico vai impactar outros hospitais"},"content":{"rendered":"<div class=\"detail-resume row\">\n<h4>Dados de ontem indicavam a ocupa\u00e7\u00e3o de 50% dos leitos da cidade<\/h4>\n<p>Com o fechamento do Pronto-Socorro do Hospital Evang\u00e9lico de Londrina, outras unidades devem ficar sobrecarregadas. O PS do Evang\u00e9lico \u00e9 respons\u00e1vel, principalmente, pelo atendimento de v\u00edtimas de acidentes de tr\u00e2nsito e problemas cl\u00ednicos que exigem interna\u00e7\u00e3o. A suspens\u00e3o tempor\u00e1ria das atividades tem a finalidade de evitar um novo surto da doen\u00e7a, como o registrado na Santa Casa, na semana passada, que motivou o afastamento de 95 profissionais de sa\u00fade.<\/p>\n<p>De acordo com n\u00fameros divulgados pela Secretaria de Sa\u00fade, no in\u00edcio desta semana, antes da interdi\u00e7\u00e3o, 45% dos leitos de enfermaria da cidade estavam ocupados. Considerando a UTI adulto, a ocupa\u00e7\u00e3o estava em 67%, e a pedi\u00e1trica em 69%. A informa\u00e7\u00e3o oficial era que 50% dos 1413 leitos em Londrina estavam ocupados. Levando em conta o Hospital Universit\u00e1rio, que \u00e9 refer\u00eancia para o tratamento de Covid-19 na nossa regi\u00e3o, 27 pacientes estavam internados com coronav\u00edrus.<\/p>\n<\/div>\n<div class=\"detail-author row\">\n<h6><a href=\"https:\/\/www.paiquerefmnews.com.br\/noticia\/interdicao-do-pronto-socorro-do-evangelico-vai-impactar-outros-hospitais\">Jornalismo Paiquer\u00ea FM News<\/a><\/h6>\n<\/div>\n","protected":false},"excerpt":{"rendered":"<p>Dados de ontem indicavam a ocupa\u00e7\u00e3o de 50% dos leitos da cidade Com o fechamento do Pronto-Socorro do Hospital Evang\u00e9lico de Londrina, outras unidades devem ficar<span class=\"excerpt-hellip\"> [?]<\/span><\/p>\n","protected":false},"author":110,"featured_media":6228,"comment_status":"closed","ping_status":"open","sticky":false,"template":"","format":"standard","meta":{"_joinchat":[],"footnotes":""},"categories":[159,171],"tags":[],"class_list":["post-7240","post","type-post","status-publish","format-standard","has-post-thumbnail","hentry","category-clientes","category-hospital-evangelico"],"_links":{"self":[{"href":"https:\/\/www.inovelondrina.com.br\/agencia\/wp-json\/wp\/v2\/posts\/7240","targetHints":{"allow":["GET"]}}],"collection":[{"href":"https:\/\/www.inovelondrina.com.br\/agencia\/wp-json\/wp\/v2\/posts"}],"about":[{"href":"https:\/\/www.inovelondrina.com.br\/agencia\/wp-json\/wp\/v2\/types\/post"}],"author":[{"embeddable":true,"href":"https:\/\/www.inovelondrina.com.br\/agencia\/wp-json\/wp\/v2\/users\/110"}],"replies":[{"embeddable":true,"href":"https:\/\/www.inovelondrina.com.br\/agencia\/wp-json\/wp\/v2\/comments?post=7240"}],"version-history":[{"count":0,"href":"https:\/\/www.inovelondrina.com.br\/agencia\/wp-json\/wp\/v2\/posts\/7240\/revisions"}],"wp:featuredmedia":[{"embeddable":true,"href":"https:\/\/www.inovelondrina.com.br\/agencia\/wp-json\/wp\/v2\/media\/6228"}],"wp:attachment":[{"href":"https:\/\/www.inovelondrina.com.br\/agencia\/wp-json\/wp\/v2\/media?parent=7240"}],"wp:term":[{"taxonomy":"category","embeddable":true,"href":"https:\/\/www.inovelondrina.com.br\/agencia\/wp-json\/wp\/v2\/categories?post=7240"},{"taxonomy":"post_tag","embeddable":true,"href":"https:\/\/www.inovelondrina.com.br\/agencia\/wp-json\/wp\/v2\/tags?post=7240"}],"curies":[{"name":"wp","href":"https:\/\/api.w.org\/{rel}","templated":true}]}}