{"id":7237,"date":"2020-05-26T14:38:19","date_gmt":"2020-05-26T17:38:19","guid":{"rendered":"https:\/\/www.inovelondrina.com.br\/agencia\/?p=7237"},"modified":"2020-06-09T14:40:19","modified_gmt":"2020-06-09T17:40:19","slug":"hospital-evangelico-suspende-atendimento-no-ps-apos-caso-de-covid-19","status":"publish","type":"post","link":"https:\/\/www.inovelondrina.com.br\/agencia\/hospital-evangelico-suspende-atendimento-no-ps-apos-caso-de-covid-19\/","title":{"rendered":"Hospital Evang\u00e9lico suspende atendimento no PS ap\u00f3s caso de Covid-19"},"content":{"rendered":"<p><iframe loading=\"lazy\" title=\"26 05 Hospital Evang\u00e9lico suspende atendimento no PS ap\u00f3s caso de Covid 19\" width=\"1220\" height=\"686\" src=\"https:\/\/www.youtube.com\/embed\/MuuYbD8xrV4?feature=oembed\" frameborder=\"0\" allow=\"accelerometer; autoplay; clipboard-write; encrypted-media; gyroscope; picture-in-picture\" allowfullscreen><\/iframe><\/p>\n<p>O Hospital Evang\u00e9lico suspendeu os atendimentos no pronto-socorro pelo prazo de 72 horas. Segundo a assessoria do hospital, medida foi tomada de forma preventiva ap\u00f3s um paciente apresentar diagnostico positivo de Covid-19. Ele deu entrada pelo pronto-socorro.<\/p>\n<p>O paciente de 84 anos deu entrada na unidade ap\u00f3s transfer\u00eancia pela central de leitos na \u00faltima quinta-feira (21) de Santo Ant\u00f4nio da Platina. A entrada foi registrada \u00e0s 23h30, com exame inicial negativo para Covid-19. O diagn\u00f3stico era de pneumonia em tratamento, sepse e embolia pulmonar.<\/p>\n<p>Mas, na noite desta segunda-feira (25), o hospital de Santo Antonio comunicou que o segundo exame deu positivo para novo coronav\u00edrus. Assim, a medida de fechamento do PS, segundo o hospital foi determinada de imediato para seguran\u00e7a dos pacientes e funcion\u00e1rios da institui\u00e7\u00e3o.<\/p>\n<p>&#8220;Todas as medidas preventivas est\u00e3o sendo tomadas para garantia da seguran\u00e7a dos pacientes e colaboradores da institui\u00e7\u00e3o&#8221;, diz a nota.<\/p>\n<p><a href=\"https:\/\/tarobanews.com\/noticias\/ciencia-e-saude\/hospital-evangelico-suspende-atendimento-no-ps-apos-caso-de-covid-19-6dL0v.html\">fonte<\/a><\/p>\n","protected":false},"excerpt":{"rendered":"<p>O Hospital Evang\u00e9lico suspendeu os atendimentos no pronto-socorro pelo prazo de 72 horas. Segundo a assessoria do hospital, medida foi tomada de forma preventiva ap\u00f3s um<span class=\"excerpt-hellip\"> [?]<\/span><\/p>\n","protected":false},"author":110,"featured_media":5251,"comment_status":"closed","ping_status":"open","sticky":false,"template":"","format":"standard","meta":{"_joinchat":[],"footnotes":""},"categories":[159,171],"tags":[],"class_list":["post-7237","post","type-post","status-publish","format-standard","has-post-thumbnail","hentry","category-clientes","category-hospital-evangelico"],"_links":{"self":[{"href":"https:\/\/www.inovelondrina.com.br\/agencia\/wp-json\/wp\/v2\/posts\/7237","targetHints":{"allow":["GET"]}}],"collection":[{"href":"https:\/\/www.inovelondrina.com.br\/agencia\/wp-json\/wp\/v2\/posts"}],"about":[{"href":"https:\/\/www.inovelondrina.com.br\/agencia\/wp-json\/wp\/v2\/types\/post"}],"author":[{"embeddable":true,"href":"https:\/\/www.inovelondrina.com.br\/agencia\/wp-json\/wp\/v2\/users\/110"}],"replies":[{"embeddable":true,"href":"https:\/\/www.inovelondrina.com.br\/agencia\/wp-json\/wp\/v2\/comments?post=7237"}],"version-history":[{"count":0,"href":"https:\/\/www.inovelondrina.com.br\/agencia\/wp-json\/wp\/v2\/posts\/7237\/revisions"}],"wp:featuredmedia":[{"embeddable":true,"href":"https:\/\/www.inovelondrina.com.br\/agencia\/wp-json\/wp\/v2\/media\/5251"}],"wp:attachment":[{"href":"https:\/\/www.inovelondrina.com.br\/agencia\/wp-json\/wp\/v2\/media?parent=7237"}],"wp:term":[{"taxonomy":"category","embeddable":true,"href":"https:\/\/www.inovelondrina.com.br\/agencia\/wp-json\/wp\/v2\/categories?post=7237"},{"taxonomy":"post_tag","embeddable":true,"href":"https:\/\/www.inovelondrina.com.br\/agencia\/wp-json\/wp\/v2\/tags?post=7237"}],"curies":[{"name":"wp","href":"https:\/\/api.w.org\/{rel}","templated":true}]}}