{"id":7235,"date":"2020-05-26T14:30:41","date_gmt":"2020-05-26T17:30:41","guid":{"rendered":"https:\/\/www.inovelondrina.com.br\/agencia\/?p=7235"},"modified":"2020-06-09T14:38:03","modified_gmt":"2020-06-09T17:38:03","slug":"hospital-evangelico-de-londrina-fecha-pronto-socorro-por-3-dias-apos-atendimento-de-paciente-com-covid-19","status":"publish","type":"post","link":"https:\/\/www.inovelondrina.com.br\/agencia\/hospital-evangelico-de-londrina-fecha-pronto-socorro-por-3-dias-apos-atendimento-de-paciente-com-covid-19\/","title":{"rendered":"Hospital Evang\u00e9lico de Londrina fecha pronto-socorro por 3 dias ap\u00f3s atendimento de paciente com Covid-19"},"content":{"rendered":"<p class=\"content-head__subtitle\">Institui\u00e7\u00e3o disse que medida \u00e9 necess\u00e1ria para higienizar o local e para dar seguran\u00e7a aos funcion\u00e1rios. Idoso de 84 anos, de Santo Ant\u00f4nio da Platina, foi atendido no hospital inicialmente com diagn\u00f3stico de pneumonia.<\/p>\n<div class=\"mc-column content-text active-extra-styles \" data-block-type=\"unstyled\" data-block-weight=\"25\" data-block-id=\"2\">\n<p class=\"content-text__container \" data-track-category=\"Link no Texto\" data-track-links=\"\">Os atendimentos do pronto-socorro do Hospital Evang\u00e9lico de Londrina, no norte do Paran\u00e1, est\u00e3o suspensos por tr\u00eas dias a partir desta ter\u00e7a-feira (26).<\/p>\n<\/div>\n<div class=\"wall protected-content\">\n<div class=\"mc-column content-text active-extra-styles \" data-block-type=\"unstyled\" data-block-weight=\"27\" data-block-id=\"3\">\n<p class=\"content-text__container \" data-track-category=\"Link no Texto\" data-track-links=\"\">De acordo com o hospital, a medida foi tomada ap\u00f3s a confirma\u00e7\u00e3o de que um paciente, de 84 anos, atendido no pronto-socorro testou positivo para Covid-19.<\/p>\n<\/div>\n<div class=\"mc-column content-text active-extra-styles \" data-block-type=\"unstyled\" data-block-weight=\"46\" data-block-id=\"4\">\n<p class=\"content-text__container \" data-track-category=\"Link no Texto\" data-track-links=\"\">O idoso, que \u00e9 de Santo Ant\u00f4nio da Platina, no norte pioneiro do Paran\u00e1, foi transferido pela central de leitos no dia 21 de maio, ainda conforme o Hospital Evang\u00e9lico. Inicialmente, teve o diagn\u00f3stico de pneumonia em tratamento e o exame para Covid deu negativo.<\/p>\n<\/div>\n<div class=\"mc-column content-text active-extra-styles \" data-block-type=\"unstyled\" data-block-weight=\"22\" data-block-id=\"5\">\n<p class=\"content-text__container \" data-track-category=\"Link no Texto\" data-track-links=\"\">No entanto, em um novo exame divulgado na noite de segunda-feira (25), o exame para Covid-19 realizado pelo paciente deu positivo.<\/p>\n<div class=\"mc-column content-text active-extra-styles \" data-block-type=\"unstyled\" data-block-weight=\"29\" data-block-id=\"6\">\n<p class=\"content-text__container \" data-track-category=\"Link no Texto\" data-track-links=\"\">Com a confirma\u00e7\u00e3o, o pronto-socorro foi fechado para a realiza\u00e7\u00e3o de higieniza\u00e7\u00e3o completa do local. Nas pr\u00f3ximas 72 horas, os atendimentos ser\u00e3o remanejados para outros hospitais da cidade.<\/p>\n<\/div>\n<div class=\"mc-column content-text active-extra-styles \" data-block-type=\"unstyled\" data-block-weight=\"21\" data-block-id=\"7\">\n<p class=\"content-text__container \" data-track-category=\"Link no Texto\" data-track-links=\"\">A ala que atende pacientes com diagn\u00f3stico de infec\u00e7\u00e3o por novo coronav\u00edrus n\u00e3o foi fechada. Ela fica separada do setor .<\/p>\n<\/div>\n<div class=\"mc-column content-text active-extra-styles \" data-block-type=\"unstyled\" data-block-weight=\"37\" data-block-id=\"8\">\n<p class=\"content-text__container \" data-track-category=\"Link no Texto\" data-track-links=\"\">O an\u00fancio do fechamento do pronto-socorro do Evang\u00e9lico ocorre uma semana depois de outro hospital de Londrina, o Santa Casa, anunciar que afastou 95 funcion\u00e1rios por terem tido contado com um homem que estava com Covid-19.<\/p>\n<p data-track-category=\"Link no Texto\" data-track-links=\"\"><a href=\"https:\/\/g1.globo.com\/pr\/norte-noroeste\/noticia\/2020\/05\/26\/hospital-evangelico-de-londrina-fecha-pronto-socorro-por-3-dias-apos-atendimento-de-paciente-com-covid-19.ghtml\">fonte<\/a><\/p>\n<\/div>\n<p data-track-category=\"Link no Texto\" data-track-links=\"\">\n<\/div>\n<\/div>\n","protected":false},"excerpt":{"rendered":"<p>Institui\u00e7\u00e3o disse que medida \u00e9 necess\u00e1ria para higienizar o local e para dar seguran\u00e7a aos funcion\u00e1rios. Idoso de 84 anos, de Santo Ant\u00f4nio da Platina, foi<span class=\"excerpt-hellip\"> [?]<\/span><\/p>\n","protected":false},"author":110,"featured_media":7144,"comment_status":"closed","ping_status":"open","sticky":false,"template":"","format":"standard","meta":{"_joinchat":[],"footnotes":""},"categories":[159,171],"tags":[],"class_list":["post-7235","post","type-post","status-publish","format-standard","has-post-thumbnail","hentry","category-clientes","category-hospital-evangelico"],"_links":{"self":[{"href":"https:\/\/www.inovelondrina.com.br\/agencia\/wp-json\/wp\/v2\/posts\/7235","targetHints":{"allow":["GET"]}}],"collection":[{"href":"https:\/\/www.inovelondrina.com.br\/agencia\/wp-json\/wp\/v2\/posts"}],"about":[{"href":"https:\/\/www.inovelondrina.com.br\/agencia\/wp-json\/wp\/v2\/types\/post"}],"author":[{"embeddable":true,"href":"https:\/\/www.inovelondrina.com.br\/agencia\/wp-json\/wp\/v2\/users\/110"}],"replies":[{"embeddable":true,"href":"https:\/\/www.inovelondrina.com.br\/agencia\/wp-json\/wp\/v2\/comments?post=7235"}],"version-history":[{"count":0,"href":"https:\/\/www.inovelondrina.com.br\/agencia\/wp-json\/wp\/v2\/posts\/7235\/revisions"}],"wp:featuredmedia":[{"embeddable":true,"href":"https:\/\/www.inovelondrina.com.br\/agencia\/wp-json\/wp\/v2\/media\/7144"}],"wp:attachment":[{"href":"https:\/\/www.inovelondrina.com.br\/agencia\/wp-json\/wp\/v2\/media?parent=7235"}],"wp:term":[{"taxonomy":"category","embeddable":true,"href":"https:\/\/www.inovelondrina.com.br\/agencia\/wp-json\/wp\/v2\/categories?post=7235"},{"taxonomy":"post_tag","embeddable":true,"href":"https:\/\/www.inovelondrina.com.br\/agencia\/wp-json\/wp\/v2\/tags?post=7235"}],"curies":[{"name":"wp","href":"https:\/\/api.w.org\/{rel}","templated":true}]}}