{"id":7230,"date":"2020-04-18T13:44:41","date_gmt":"2020-04-18T16:44:41","guid":{"rendered":"https:\/\/www.inovelondrina.com.br\/agencia\/?p=7230"},"modified":"2020-05-15T13:48:26","modified_gmt":"2020-05-15T16:48:26","slug":"mulher-com-covid-19-recebe-alta-de-uti-no-hospital-evangelico","status":"publish","type":"post","link":"https:\/\/www.inovelondrina.com.br\/agencia\/mulher-com-covid-19-recebe-alta-de-uti-no-hospital-evangelico\/","title":{"rendered":"Mulher com Covid-19 recebe alta de UTI no Hospital Evang\u00e9lico"},"content":{"rendered":"<h5 class=\"subtitle\">Mulher \u00e9 a terceira paciente com coronav\u00edrus a deixar uma UTI na cidade.<\/h5>\n<p>O Hospital Evang\u00e9lico de\u00a0Londrina\u00a0publicou nas redes sociais um v\u00eddeo em que a paciente Ilda Giorgiani Cortez\u00e3o, de 65 anos, deixava a UTI (Unidade de Terapia Intensiva) recebendo aplausos de toda equipe m\u00e9dica.<\/p>\n<p>A mulher deixou a UTI nesta sexta-feira (17), ap\u00f3s ficar entubada por 21 dias. Ela se queixava de problemas respirat\u00f3rios quando foi internada dia 22 de mar\u00e7o, e desde ent\u00e3o o quadro se agravou.<\/p>\n<p>Agora, a paciente permanecer\u00e1 em isolamento no setor de enfermaria do hospital, se recuperando. Ela \u00e9 a terceira pessoa a deixar uma UTI ap\u00f3s contrair o coronav\u00edrus em Londrina.<\/p>\n<p><a href=\"https:\/\/temlondrina.com.br\/coronavirus\/mulher-com-covid-19-recebe-alta-de-uti-no-hospital-evangelico-em-londrina\/\"><strong>Reda\u00e7\u00e3o Tem<\/strong><\/a><\/p>\n","protected":false},"excerpt":{"rendered":"<p>Mulher \u00e9 a terceira paciente com coronav\u00edrus a deixar uma UTI na cidade. O Hospital Evang\u00e9lico de\u00a0Londrina\u00a0publicou nas redes sociais um v\u00eddeo em que a paciente<span class=\"excerpt-hellip\"> [?]<\/span><\/p>\n","protected":false},"author":110,"featured_media":7232,"comment_status":"closed","ping_status":"open","sticky":false,"template":"","format":"standard","meta":{"_joinchat":[],"footnotes":""},"categories":[159,171],"tags":[],"class_list":["post-7230","post","type-post","status-publish","format-standard","has-post-thumbnail","hentry","category-clientes","category-hospital-evangelico"],"_links":{"self":[{"href":"https:\/\/www.inovelondrina.com.br\/agencia\/wp-json\/wp\/v2\/posts\/7230","targetHints":{"allow":["GET"]}}],"collection":[{"href":"https:\/\/www.inovelondrina.com.br\/agencia\/wp-json\/wp\/v2\/posts"}],"about":[{"href":"https:\/\/www.inovelondrina.com.br\/agencia\/wp-json\/wp\/v2\/types\/post"}],"author":[{"embeddable":true,"href":"https:\/\/www.inovelondrina.com.br\/agencia\/wp-json\/wp\/v2\/users\/110"}],"replies":[{"embeddable":true,"href":"https:\/\/www.inovelondrina.com.br\/agencia\/wp-json\/wp\/v2\/comments?post=7230"}],"version-history":[{"count":0,"href":"https:\/\/www.inovelondrina.com.br\/agencia\/wp-json\/wp\/v2\/posts\/7230\/revisions"}],"wp:featuredmedia":[{"embeddable":true,"href":"https:\/\/www.inovelondrina.com.br\/agencia\/wp-json\/wp\/v2\/media\/7232"}],"wp:attachment":[{"href":"https:\/\/www.inovelondrina.com.br\/agencia\/wp-json\/wp\/v2\/media?parent=7230"}],"wp:term":[{"taxonomy":"category","embeddable":true,"href":"https:\/\/www.inovelondrina.com.br\/agencia\/wp-json\/wp\/v2\/categories?post=7230"},{"taxonomy":"post_tag","embeddable":true,"href":"https:\/\/www.inovelondrina.com.br\/agencia\/wp-json\/wp\/v2\/tags?post=7230"}],"curies":[{"name":"wp","href":"https:\/\/api.w.org\/{rel}","templated":true}]}}