{"id":7220,"date":"2020-04-17T13:35:20","date_gmt":"2020-04-17T16:35:20","guid":{"rendered":"https:\/\/www.inovelondrina.com.br\/agencia\/?p=7220"},"modified":"2020-05-15T13:38:40","modified_gmt":"2020-05-15T16:38:40","slug":"pacientes-com-covid-19-recebem-alta-da-uti-sob-aplausos","status":"publish","type":"post","link":"https:\/\/www.inovelondrina.com.br\/agencia\/pacientes-com-covid-19-recebem-alta-da-uti-sob-aplausos\/","title":{"rendered":"Pacientes com Covid-19 recebem alta da UTI sob aplausos"},"content":{"rendered":"<p>O Hospital Evang\u00e9lico de\u00a0Londrina\u00a0publicou um v\u00eddeo nesta sexta-feira (17) em que Ilda Giorgiani Cortez\u00e3o de 65 anos, deixava a UTI (Unidade de Terapia Intensiva) sob os aplausos dos profissionais de sa\u00fade do hospital.<\/p>\n<p>Ap\u00f3s sentir sintomas respirat\u00f3rios, Ilda foi internada dois dias depois, no dia 22 de mar\u00e7o, com a Covid-19. Ela ficou intubada por 21 dias na UTI e agora permanecer\u00e1 no setor de enfermaria, em isolamento.<\/p>\n<p><b>SANTA CASA DE LONDRINA<\/b><\/p>\n<p>Um outro paciente da Santa Casa de\u00a0<a href=\"https:\/\/www.bonde.com.br\/tags\/londrina\/\" target=\"_blank\" rel=\"noopener noreferrer\">Londrina<\/a>\u00a0tamb\u00e9m recebeu alta nesta \u00faltima quinta-feira (16). N\u00e9lson Alexandre Moretto de 47 anos foi internado com a Covid-19 no dia 27 de mar\u00e7o e permaneceu 21 dias no hospital. Neste per\u00edodo, ele ficou uma semana na UTI, onde passou o seu anivers\u00e1rio no dia 30 de mar\u00e7o.<\/p>\n<p>Ele conta que recebeu parab\u00e9ns, bolo de brigadeiro e salgadinho: &#8220;eu n\u00e3o pude comer porque n\u00e3o estava bem, mas foi muito legal\u201d.<\/p>\n<p>Em sua sa\u00edda, tamb\u00e9m recebeu os aplausos da equipe m\u00e9dica da Santa Casa.<\/p>\n<p><i>(*Sob supervis\u00e3o de Fernanda Circhia)<\/i><\/p>\n<div class=\"credito\"><a href=\"https:\/\/www.bonde.com.br\/saude\/noticias\/pacientes-com-covid-19-recebem-alta-da-uti-sob-aplausos-em-londrina-515696.html\">Mariane Teles &#8211; Estagi\u00e1ria*<\/a><\/div>\n","protected":false},"excerpt":{"rendered":"<p>O Hospital Evang\u00e9lico de\u00a0Londrina\u00a0publicou um v\u00eddeo nesta sexta-feira (17) em que Ilda Giorgiani Cortez\u00e3o de 65 anos, deixava a UTI (Unidade de Terapia Intensiva) sob os<span class=\"excerpt-hellip\"> [?]<\/span><\/p>\n","protected":false},"author":110,"featured_media":4451,"comment_status":"closed","ping_status":"open","sticky":false,"template":"","format":"standard","meta":{"_joinchat":[],"footnotes":""},"categories":[159,171],"tags":[],"class_list":["post-7220","post","type-post","status-publish","format-standard","has-post-thumbnail","hentry","category-clientes","category-hospital-evangelico"],"_links":{"self":[{"href":"https:\/\/www.inovelondrina.com.br\/agencia\/wp-json\/wp\/v2\/posts\/7220","targetHints":{"allow":["GET"]}}],"collection":[{"href":"https:\/\/www.inovelondrina.com.br\/agencia\/wp-json\/wp\/v2\/posts"}],"about":[{"href":"https:\/\/www.inovelondrina.com.br\/agencia\/wp-json\/wp\/v2\/types\/post"}],"author":[{"embeddable":true,"href":"https:\/\/www.inovelondrina.com.br\/agencia\/wp-json\/wp\/v2\/users\/110"}],"replies":[{"embeddable":true,"href":"https:\/\/www.inovelondrina.com.br\/agencia\/wp-json\/wp\/v2\/comments?post=7220"}],"version-history":[{"count":0,"href":"https:\/\/www.inovelondrina.com.br\/agencia\/wp-json\/wp\/v2\/posts\/7220\/revisions"}],"wp:featuredmedia":[{"embeddable":true,"href":"https:\/\/www.inovelondrina.com.br\/agencia\/wp-json\/wp\/v2\/media\/4451"}],"wp:attachment":[{"href":"https:\/\/www.inovelondrina.com.br\/agencia\/wp-json\/wp\/v2\/media?parent=7220"}],"wp:term":[{"taxonomy":"category","embeddable":true,"href":"https:\/\/www.inovelondrina.com.br\/agencia\/wp-json\/wp\/v2\/categories?post=7220"},{"taxonomy":"post_tag","embeddable":true,"href":"https:\/\/www.inovelondrina.com.br\/agencia\/wp-json\/wp\/v2\/tags?post=7220"}],"curies":[{"name":"wp","href":"https:\/\/api.w.org\/{rel}","templated":true}]}}