{"id":7207,"date":"2020-04-27T11:14:42","date_gmt":"2020-04-27T14:14:42","guid":{"rendered":"https:\/\/www.inovelondrina.com.br\/agencia\/?p=7207"},"modified":"2020-05-15T11:16:28","modified_gmt":"2020-05-15T14:16:28","slug":"uniceusmar-de-londrina-doa-mascaras-de-acetato-a-secretaria-de-saude","status":"publish","type":"post","link":"https:\/\/www.inovelondrina.com.br\/agencia\/uniceusmar-de-londrina-doa-mascaras-de-acetato-a-secretaria-de-saude\/","title":{"rendered":"UniCeusmar de Londrina doa m\u00e1scaras de acetato \u00e0 Secretaria de Sa\u00fade"},"content":{"rendered":"<header class=\"titulo-pagina\">Al\u00e9m da doa\u00e7\u00e3o ao munic\u00edpio, a\u00a0UniCesumar\u00a0tamb\u00e9m destinar\u00e1\u00a0m\u00e1scaras\u00a0ao Hospital Evang\u00e9lico e o Hospital do C\u00e2ncer de\u00a0Londrina.<\/p>\n<\/header>\n<div class=\"conteudo\">\n<p>A UniCesumar\u00a0doa\u00a0m\u00e1scaras\u00a0de\u00a0acetato\u00a0para a\u00a0Secretaria\u00a0Municipal de\u00a0Sa\u00fade\u00a0nesta\u00a0segunda-feira\u00a0(27).<\/p>\n<p>A doa\u00e7\u00e3o ser\u00e1 recebida pelo secret\u00e1rio de\u00a0Sa\u00fade,\u00a0Carlos Felippe Marcondes Machado, e pela secret\u00e1ria de Educa\u00e7\u00e3o, Maria Tereza Paschoal de Moraes. Al\u00e9m da doa\u00e7\u00e3o ao munic\u00edpio, a\u00a0UniCesumar\u00a0tamb\u00e9m destinar\u00e1\u00a0m\u00e1scaras\u00a0ao Hospital Evang\u00e9lico e o Hospital do C\u00e2ncer de\u00a0Londrina.<\/p>\n<p>Produzidas em impressoras 3D, as\u00a0m\u00e1scaras\u00a0foram criadas em formato de escudo para encobrir o rosto e servir como uma barreira de prote\u00e7\u00e3o, sendo indicadas para m\u00e9dicos e enfermeiros no atendimento aos pacientes. Especialistas\u00a0orientam, no entanto, que os profissionais tamb\u00e9m usem a m\u00e1scara cir\u00fargica.<\/p>\n<p>A doa\u00e7\u00e3o foi\u00a0realizada na Secretaria\u00a0de\u00a0Sa\u00fade\u00a0de\u00a0Londrina\u00a0(Avenida Theodoro Victorelli, 103 \u2013 Jardim Helena);<\/p>\n<p>Estagi\u00e1rio Tiago Bernardino, com supervis\u00e3o da editora-chefe Raquel Rodrigues.<\/p>\n<\/div>\n<div class=\"item-por\">Por\u00a0<a href=\"https:\/\/cbnlondrina.com.br\/materias\/unicesumar-de-londrina-doa-mascaras-de-acetato-a-secretaria-de-saude-\"><b>Pauta CBN<\/b><\/a><\/div>\n<div><\/div>\n","protected":false},"excerpt":{"rendered":"<p>Al\u00e9m da doa\u00e7\u00e3o ao munic\u00edpio, a\u00a0UniCesumar\u00a0tamb\u00e9m destinar\u00e1\u00a0m\u00e1scaras\u00a0ao Hospital Evang\u00e9lico e o Hospital do C\u00e2ncer de\u00a0Londrina. A UniCesumar\u00a0doa\u00a0m\u00e1scaras\u00a0de\u00a0acetato\u00a0para a\u00a0Secretaria\u00a0Municipal de\u00a0Sa\u00fade\u00a0nesta\u00a0segunda-feira\u00a0(27). A doa\u00e7\u00e3o ser\u00e1 recebida pelo secret\u00e1rio de\u00a0Sa\u00fade,\u00a0Carlos<span class=\"excerpt-hellip\"> [?]<\/span><\/p>\n","protected":false},"author":110,"featured_media":4319,"comment_status":"closed","ping_status":"open","sticky":false,"template":"","format":"standard","meta":{"_joinchat":[],"footnotes":""},"categories":[159,171],"tags":[],"class_list":["post-7207","post","type-post","status-publish","format-standard","has-post-thumbnail","hentry","category-clientes","category-hospital-evangelico"],"_links":{"self":[{"href":"https:\/\/www.inovelondrina.com.br\/agencia\/wp-json\/wp\/v2\/posts\/7207","targetHints":{"allow":["GET"]}}],"collection":[{"href":"https:\/\/www.inovelondrina.com.br\/agencia\/wp-json\/wp\/v2\/posts"}],"about":[{"href":"https:\/\/www.inovelondrina.com.br\/agencia\/wp-json\/wp\/v2\/types\/post"}],"author":[{"embeddable":true,"href":"https:\/\/www.inovelondrina.com.br\/agencia\/wp-json\/wp\/v2\/users\/110"}],"replies":[{"embeddable":true,"href":"https:\/\/www.inovelondrina.com.br\/agencia\/wp-json\/wp\/v2\/comments?post=7207"}],"version-history":[{"count":0,"href":"https:\/\/www.inovelondrina.com.br\/agencia\/wp-json\/wp\/v2\/posts\/7207\/revisions"}],"wp:featuredmedia":[{"embeddable":true,"href":"https:\/\/www.inovelondrina.com.br\/agencia\/wp-json\/wp\/v2\/media\/4319"}],"wp:attachment":[{"href":"https:\/\/www.inovelondrina.com.br\/agencia\/wp-json\/wp\/v2\/media?parent=7207"}],"wp:term":[{"taxonomy":"category","embeddable":true,"href":"https:\/\/www.inovelondrina.com.br\/agencia\/wp-json\/wp\/v2\/categories?post=7207"},{"taxonomy":"post_tag","embeddable":true,"href":"https:\/\/www.inovelondrina.com.br\/agencia\/wp-json\/wp\/v2\/tags?post=7207"}],"curies":[{"name":"wp","href":"https:\/\/api.w.org\/{rel}","templated":true}]}}