{"id":7201,"date":"2020-04-26T10:55:48","date_gmt":"2020-04-26T13:55:48","guid":{"rendered":"https:\/\/www.inovelondrina.com.br\/agencia\/?p=7201"},"modified":"2020-05-15T11:07:54","modified_gmt":"2020-05-15T14:07:54","slug":"idosa-deixa-uti-do-hospital-evangelico-apos-26-dias-e-profissionais-comemoram","status":"publish","type":"post","link":"https:\/\/www.inovelondrina.com.br\/agencia\/idosa-deixa-uti-do-hospital-evangelico-apos-26-dias-e-profissionais-comemoram\/","title":{"rendered":"Idosa deixa UTI do Hospital Evang\u00e9lico ap\u00f3s 26 dias e profissionais comemoram"},"content":{"rendered":"<p>Na tarde desta sexta-feira (17), foi publicado na\u00a0p\u00e1gina do Hospital Evang\u00e9lico no Facebook um v\u00eddeo que mostra uma idosa de 65 anos de idade, chamada Ilda Giorgiani Cortez\u00e3o, que se recuperou da Covid-19, deixando a Unidade de Terapia Intensiva (UTI) ap\u00f3s 26 dias internada, dos quais passou 21 intubada. Ela foi aplaudida pelos profissionais do hospital. Ilda permanecer\u00e1 internada no setor de enfermaria, em isolamento, para concluir a sua recupera\u00e7\u00e3o e ent\u00e3o receber alta hospitalar.<\/p>\n<p>O Hospital Evang\u00e9lico ainda informou que possui, neste momento, nove pacientes com suspeita da Covid-19 e um com diagn\u00f3stico confirmado. Sete est\u00e3o internados em isolamento e tr\u00eas em leitos de UTI.<\/p>\n<p><a href=\"https:\/\/www.paiquere.com.br\/idosa-deixa-uti-do-hospital-evangelico-apos-26-dias-e-profissionais-comemoram\/\">fonte<\/a><\/p>\n","protected":false},"excerpt":{"rendered":"<p>Na tarde desta sexta-feira (17), foi publicado na\u00a0p\u00e1gina do Hospital Evang\u00e9lico no Facebook um v\u00eddeo que mostra uma idosa de 65 anos de idade, chamada Ilda<span class=\"excerpt-hellip\"> [?]<\/span><\/p>\n","protected":false},"author":110,"featured_media":6228,"comment_status":"closed","ping_status":"open","sticky":false,"template":"","format":"standard","meta":{"_joinchat":[],"footnotes":""},"categories":[159,171],"tags":[],"class_list":["post-7201","post","type-post","status-publish","format-standard","has-post-thumbnail","hentry","category-clientes","category-hospital-evangelico"],"_links":{"self":[{"href":"https:\/\/www.inovelondrina.com.br\/agencia\/wp-json\/wp\/v2\/posts\/7201","targetHints":{"allow":["GET"]}}],"collection":[{"href":"https:\/\/www.inovelondrina.com.br\/agencia\/wp-json\/wp\/v2\/posts"}],"about":[{"href":"https:\/\/www.inovelondrina.com.br\/agencia\/wp-json\/wp\/v2\/types\/post"}],"author":[{"embeddable":true,"href":"https:\/\/www.inovelondrina.com.br\/agencia\/wp-json\/wp\/v2\/users\/110"}],"replies":[{"embeddable":true,"href":"https:\/\/www.inovelondrina.com.br\/agencia\/wp-json\/wp\/v2\/comments?post=7201"}],"version-history":[{"count":0,"href":"https:\/\/www.inovelondrina.com.br\/agencia\/wp-json\/wp\/v2\/posts\/7201\/revisions"}],"wp:featuredmedia":[{"embeddable":true,"href":"https:\/\/www.inovelondrina.com.br\/agencia\/wp-json\/wp\/v2\/media\/6228"}],"wp:attachment":[{"href":"https:\/\/www.inovelondrina.com.br\/agencia\/wp-json\/wp\/v2\/media?parent=7201"}],"wp:term":[{"taxonomy":"category","embeddable":true,"href":"https:\/\/www.inovelondrina.com.br\/agencia\/wp-json\/wp\/v2\/categories?post=7201"},{"taxonomy":"post_tag","embeddable":true,"href":"https:\/\/www.inovelondrina.com.br\/agencia\/wp-json\/wp\/v2\/tags?post=7201"}],"curies":[{"name":"wp","href":"https:\/\/api.w.org\/{rel}","templated":true}]}}