{"id":7167,"date":"2020-04-07T22:37:59","date_gmt":"2020-04-08T01:37:59","guid":{"rendered":"https:\/\/www.inovelondrina.com.br\/agencia\/?p=7167"},"modified":"2020-04-13T22:40:44","modified_gmt":"2020-04-14T01:40:44","slug":"aos-78-anos-idosa-com-coronavirus-e-aplaudida-ao-sair-da-uti-de-hospital-no-parana","status":"publish","type":"post","link":"https:\/\/www.inovelondrina.com.br\/agencia\/aos-78-anos-idosa-com-coronavirus-e-aplaudida-ao-sair-da-uti-de-hospital-no-parana\/","title":{"rendered":"Aos 78 anos, idosa com coronav\u00edrus \u00e9 aplaudida ao sair da UTI de hospital no Paran\u00e1"},"content":{"rendered":"<p>Aos\u00a0<strong>78 anos<\/strong>, ela poderia ser uma paciente desenganada pelos m\u00e9dicos, principalmente por ser do grupo de risco e sua recupera\u00e7\u00e3o mais dif\u00edcil. Mas\u00a0<strong>pelos cuidados que recebeu, e tamb\u00e9m por sua f\u00e9<\/strong>,\u00a0<strong>Aparecida Odete<\/strong>, internada no\u00a0<strong>Hospital Evang\u00e9lico de Londrina<\/strong>, no Norte do Paran\u00e1, pode dizer que \u00e9\u00a0<strong>mais uma das pessoas que se recuperou da doen\u00e7a<\/strong>\u00a0provocada pelo\u00a0<strong>novo coronav\u00edrus, a covid-19<\/strong>.<\/p>\n<p>Internada h\u00e1 alguns dias,\u00a0<strong>Aparecida teve alta da Unidade de Terapia Intensiva (UTI)<\/strong>\u00a0no final de semana e foi para o quarto da enfermaria<strong>\u00a0sob aplausos das equipes do hospital<\/strong>. \u201c<strong>Estou muito feliz<\/strong>, porque sa\u00ed da UTI. Apesar de estar sozinha no isolamento, mesmo assim o atendimento foi excelente,\u00a0<strong>s\u00f3 tenho a agradecer a toda a equipe do hospital<\/strong>\u201c, disse ela.<\/p>\n<p>Feliz por estar no quarto, Aparecida comemorou tamb\u00e9m com sua f\u00e9. \u201c<strong>Agrade\u00e7o aos profissionais do hospital, mas a Deus em primeiro lugar<\/strong>. Estou feliz porque espero agora acabar minha recupera\u00e7\u00e3o\u201d, lembrou a idosa, que ainda sentia um pouco de dificuldade para falar.\u00a0<strong>Veja o v\u00eddeo:<\/strong><\/p>\n<p>https:\/\/www.youtube.com\/watch?v=6-d0YUreGQY&#038;feature=emb_title<\/p>\n<p><strong>Respondendo bem ao tratamento<\/strong>, conforme informou a assessoria de imprensa do Hospital Evang\u00e9lico, Aparecida deve continuar internada e em isolamento, mas agora\u00a0<strong>est\u00e1vel<\/strong>. Ela inclusive passou pelo exame e\u00a0<strong>seu teste confirmou a covid-19<\/strong>.<\/p>\n<p><strong>Aparecida, que leva o mesmo nome da santa que \u00e9 a protetora do Brasil<\/strong>, aconselhou as pessoas que\u00a0<strong>n\u00e3o pensem que o v\u00edrus \u00e9 brincadeira<\/strong>. \u201cTodas as pessoas,\u00a0<strong>cuidem-se<\/strong>. Fa\u00e7a tudo que deve ser feito para sua pr\u00f3pria prote\u00e7\u00e3o.\u00a0<strong>N\u00e3o negligencie nada, porque \u00e9 muito do\u00eddo, sofri muito<\/strong>\u201c, alertou.<\/p>\n<p><a href=\"https:\/\/ricmais.com.br\/noticias-coronavirus\/aos-78-anos-idosa-com-coronavirus-e-aplaudida-ao-sair-da-uti-em-hospital-do-parana\/\">Fonte<\/a><\/p>\n","protected":false},"excerpt":{"rendered":"<p>Aos\u00a078 anos, ela poderia ser uma paciente desenganada pelos m\u00e9dicos, principalmente por ser do grupo de risco e sua recupera\u00e7\u00e3o mais dif\u00edcil. Mas\u00a0pelos cuidados que recebeu,<span class=\"excerpt-hellip\"> [?]<\/span><\/p>\n","protected":false},"author":110,"featured_media":5500,"comment_status":"closed","ping_status":"open","sticky":false,"template":"","format":"standard","meta":{"_joinchat":[],"footnotes":""},"categories":[159,171],"tags":[],"class_list":["post-7167","post","type-post","status-publish","format-standard","has-post-thumbnail","hentry","category-clientes","category-hospital-evangelico"],"_links":{"self":[{"href":"https:\/\/www.inovelondrina.com.br\/agencia\/wp-json\/wp\/v2\/posts\/7167","targetHints":{"allow":["GET"]}}],"collection":[{"href":"https:\/\/www.inovelondrina.com.br\/agencia\/wp-json\/wp\/v2\/posts"}],"about":[{"href":"https:\/\/www.inovelondrina.com.br\/agencia\/wp-json\/wp\/v2\/types\/post"}],"author":[{"embeddable":true,"href":"https:\/\/www.inovelondrina.com.br\/agencia\/wp-json\/wp\/v2\/users\/110"}],"replies":[{"embeddable":true,"href":"https:\/\/www.inovelondrina.com.br\/agencia\/wp-json\/wp\/v2\/comments?post=7167"}],"version-history":[{"count":0,"href":"https:\/\/www.inovelondrina.com.br\/agencia\/wp-json\/wp\/v2\/posts\/7167\/revisions"}],"wp:featuredmedia":[{"embeddable":true,"href":"https:\/\/www.inovelondrina.com.br\/agencia\/wp-json\/wp\/v2\/media\/5500"}],"wp:attachment":[{"href":"https:\/\/www.inovelondrina.com.br\/agencia\/wp-json\/wp\/v2\/media?parent=7167"}],"wp:term":[{"taxonomy":"category","embeddable":true,"href":"https:\/\/www.inovelondrina.com.br\/agencia\/wp-json\/wp\/v2\/categories?post=7167"},{"taxonomy":"post_tag","embeddable":true,"href":"https:\/\/www.inovelondrina.com.br\/agencia\/wp-json\/wp\/v2\/tags?post=7167"}],"curies":[{"name":"wp","href":"https:\/\/api.w.org\/{rel}","templated":true}]}}