{"id":7164,"date":"2020-04-08T22:30:55","date_gmt":"2020-04-09T01:30:55","guid":{"rendered":"https:\/\/www.inovelondrina.com.br\/agencia\/?p=7164"},"modified":"2020-04-13T22:37:44","modified_gmt":"2020-04-14T01:37:44","slug":"estou-muito-feliz-diz-idosa-apos-se-recuperar-do-coronavirus-e-deixar-a-uti","status":"publish","type":"post","link":"https:\/\/www.inovelondrina.com.br\/agencia\/estou-muito-feliz-diz-idosa-apos-se-recuperar-do-coronavirus-e-deixar-a-uti\/","title":{"rendered":"Estou muito feliz&#8221;, diz idosa ap\u00f3s se recuperar do coronav\u00edrus e deixar a UTI"},"content":{"rendered":"<header class=\"entry-header clearfix\">\n<p class=\"entry-title\">\u201cEstou muito feliz\u201d, diz idosa ap\u00f3s se recuperar do coronav\u00edrus e receber alta de UTI<\/p>\n<\/header>\n<div class=\"entry-content\">\n<p>Aparecida Odete dos Santos de 78 anos recebeu alta da UTI do Hospital Evang\u00e9lico de Londrina, no norte do Paran\u00e1, nesta ter\u00e7a-feria (7) ap\u00f3s se\u00a0<strong>recuperar do novo coronav\u00edrus<\/strong>.<\/p>\n<p>Em um v\u00eddeo gravado pela equipe do hospital, Aparecida diz estar muito feliz. \u201cEstou me sentindo muito feliz porque tive uma boa recupera\u00e7\u00e3o. Acabei de sair da UTI e tamb\u00e9m do isolamento.\u201d<\/p>\n<div class=\"boxAds fixEscapeNew\">\n<div class=\"loader\"><strong style=\"font-size: 21px;\">IDOSA DE 78 ANOS COM CORONAV\u00cdRUS SE RECUPERA EM LONDRINA<\/strong><\/div>\n<\/div>\n<p>Aparecida deu entrada HE no dia 31 de mar\u00e7o\u00a0<strong>apresentando falta de ar<\/strong>. Imediatamente ela foi encaminhada para a Unidade de Tratamento Intensivo, onde ficou por sete dias, e testou positivo para\u00a0<strong>coronav\u00edrus<\/strong>.<\/p>\n<p>De acordo com o hospital, duas semanas antes de apresentar os primeiros sintomas, Aparecida Odete participou de um cruzeiro. A idosa, de 78 anos, n\u00e3o apresenta comorbidades.<\/p>\n<div class=\"boxAds fixEscapeNew\">\n<div class=\"loader\">Nesta ter\u00e7a-feira, no caminho at\u00e9 o quarto, a idosa foi aplaudida pela equipe composta por m\u00e9dicos e enfermeiros. Quando chegou no leito da enfermaria, a idosa deu um conselho:<\/div>\n<\/div>\n<blockquote><p><em>\u201cSe cuidem. Se cuidem! Fa\u00e7am tudo o que deve ser feito para sua prote\u00e7\u00e3o, n\u00e3o negligenciem nada porque \u00e9 muito do\u00eddo, \u00e9 muito sofrido no come\u00e7o. Foi muito sofrido.\u201d\u00a0<\/em><\/p><\/blockquote>\n<p>Aparecida est\u00e1 internada na enfermaria do hospital e, segundo o hospital, responde bem ao tratamento.<\/p>\n<p><iframe loading=\"lazy\" src=\"https:\/\/www.facebook.com\/plugins\/video.php?href=https%3A%2F%2Fwww.facebook.com%2Fhelondrina%2Fvideos%2F219050679431172%2F&amp;show_text=0&amp;width=476\" width=\"476\" height=\"476\" frameborder=\"0\" scrolling=\"no\" allowfullscreen=\"allowfullscreen\" data-mce-fragment=\"1\"><\/iframe><\/p>\n<p><a href=\"https:\/\/paranaportal.uol.com.br\/cidades\/idosa-alta-coronavirus-londrina\/\">Fonte<\/a><\/p>\n<\/div>\n","protected":false},"excerpt":{"rendered":"<p>\u201cEstou muito feliz\u201d, diz idosa ap\u00f3s se recuperar do coronav\u00edrus e receber alta de UTI Aparecida Odete dos Santos de 78 anos recebeu alta da UTI<span class=\"excerpt-hellip\"> [?]<\/span><\/p>\n","protected":false},"author":110,"featured_media":7165,"comment_status":"closed","ping_status":"open","sticky":false,"template":"","format":"standard","meta":{"_joinchat":[],"footnotes":""},"categories":[159,171],"tags":[],"class_list":["post-7164","post","type-post","status-publish","format-standard","has-post-thumbnail","hentry","category-clientes","category-hospital-evangelico"],"_links":{"self":[{"href":"https:\/\/www.inovelondrina.com.br\/agencia\/wp-json\/wp\/v2\/posts\/7164","targetHints":{"allow":["GET"]}}],"collection":[{"href":"https:\/\/www.inovelondrina.com.br\/agencia\/wp-json\/wp\/v2\/posts"}],"about":[{"href":"https:\/\/www.inovelondrina.com.br\/agencia\/wp-json\/wp\/v2\/types\/post"}],"author":[{"embeddable":true,"href":"https:\/\/www.inovelondrina.com.br\/agencia\/wp-json\/wp\/v2\/users\/110"}],"replies":[{"embeddable":true,"href":"https:\/\/www.inovelondrina.com.br\/agencia\/wp-json\/wp\/v2\/comments?post=7164"}],"version-history":[{"count":0,"href":"https:\/\/www.inovelondrina.com.br\/agencia\/wp-json\/wp\/v2\/posts\/7164\/revisions"}],"wp:featuredmedia":[{"embeddable":true,"href":"https:\/\/www.inovelondrina.com.br\/agencia\/wp-json\/wp\/v2\/media\/7165"}],"wp:attachment":[{"href":"https:\/\/www.inovelondrina.com.br\/agencia\/wp-json\/wp\/v2\/media?parent=7164"}],"wp:term":[{"taxonomy":"category","embeddable":true,"href":"https:\/\/www.inovelondrina.com.br\/agencia\/wp-json\/wp\/v2\/categories?post=7164"},{"taxonomy":"post_tag","embeddable":true,"href":"https:\/\/www.inovelondrina.com.br\/agencia\/wp-json\/wp\/v2\/tags?post=7164"}],"curies":[{"name":"wp","href":"https:\/\/api.w.org\/{rel}","templated":true}]}}