{"id":7160,"date":"2020-04-07T22:25:46","date_gmt":"2020-04-08T01:25:46","guid":{"rendered":"https:\/\/www.inovelondrina.com.br\/agencia\/?p=7160"},"modified":"2020-04-13T22:30:32","modified_gmt":"2020-04-14T01:30:32","slug":"idosa-de-78-anos-se-recupera-do-novo-coronavirus-e-recebe-alta-da-uti-em-londrina-muito-feliz","status":"publish","type":"post","link":"https:\/\/www.inovelondrina.com.br\/agencia\/idosa-de-78-anos-se-recupera-do-novo-coronavirus-e-recebe-alta-da-uti-em-londrina-muito-feliz\/","title":{"rendered":"Idosa de 78 anos se recupera do novo coronav\u00edrus e recebe alta da UTI em Londrina: &#8220;Muito feliz&#8221;"},"content":{"rendered":"<p class=\"content-head__subtitle\">Aparecida Odete estava internada desde o dia 31 de mar\u00e7o e recebe alta ap\u00f3s sete dias. Ela segue internada e em isolamento, mas j\u00e1 comemora a recupera\u00e7\u00e3o.<\/p>\n<div class=\"mc-column content-text active-extra-styles \" data-block-type=\"unstyled\" data-block-weight=\"38\" data-block-id=\"2\">\n<p class=\"content-text__container \" data-track-category=\"Link no Texto\" data-track-links=\"\">\u201cEstou me sentindo muito feliz\u201d, disse Aparecida Odete, de 78 anos, que se recupera do novo coronav\u00edrus e recebeu alta nesta ter\u00e7a-feira (7) da Unidade de Terapia Intensiva (UTI) do Hospital Evang\u00e9lico, em Londrina, no norte do Paran\u00e1.<\/p>\n<\/div>\n<div class=\"wall protected-content\">\n<div class=\"mc-column content-text active-extra-styles \" data-block-type=\"unstyled\" data-block-weight=\"35\" data-block-id=\"3\">\n<p class=\"content-text__container \" data-track-category=\"Link no Texto\" data-track-links=\"\">A paciente deu entrada no hospital no dia 31 de mar\u00e7o. Aplaudida pelos funcion\u00e1rios do hospital na sa\u00edda da UTI, ela permanece internada e em isolamento em uma enfermaria, mas j\u00e1 comemora a recupera\u00e7\u00e3o.<\/p>\n<\/div>\n<div class=\"mc-column content-text active-extra-styles \" data-block-type=\"unstyled\" data-block-weight=\"48\" data-block-id=\"4\">\n<p class=\"content-text__container \" data-track-category=\"Link no Texto\" data-track-links=\"\">\u201cTive uma boa recupera\u00e7\u00e3o. Acabei de sair da UTI, tamb\u00e9m do isolamento. Apesar de sozinha no isolamento, o atendimento foi excelente. Obrigado a Deus, em primeiro lugar. Estou feliz agora porque espero acabar a minha recupera\u00e7\u00e3o\u201d, disse Aparecida Odete, por meio da assessoria de imprensa do Hospital Evang\u00e9lico.<\/p>\n<\/div>\n<div class=\"mc-column content-text active-extra-styles\" data-block-type=\"raw\" data-block-weight=\"14\" data-block-id=\"5\">\n<ul class=\"content-unordered-list\">\n<li>Idosa de 91 anos se recupera do novo coronav\u00edrus ap\u00f3s 10 dias de internamento<\/li>\n<\/ul>\n<\/div>\n<div class=\"mc-column content-text active-extra-styles \" data-block-type=\"unstyled\" data-block-weight=\"27\" data-block-id=\"6\">\n<p class=\"content-text__container \" data-track-category=\"Link no Texto\" data-track-links=\"\">Aparecida Odete contou ainda que o in\u00edcio dos sintomas foi \u201cmuito sofrido\u201d. Ela aproveitou para fazer um alerta para outras pessoas sobre a preven\u00e7\u00e3o contra o coronav\u00edrus.<\/p>\n<\/div>\n<div class=\"mc-column content-text active-extra-styles \" data-block-type=\"unstyled\" data-block-weight=\"38\" data-block-id=\"7\">\n<p class=\"content-text__container \" data-track-category=\"Link no Texto\" data-track-links=\"\">\u201cMeu conselho a todas as pessoas, n\u00e3o importa quem: cuidem, gente. Cuidem. Pegue tudo o que deve ser feito para a sua pr\u00f3pria prote\u00e7\u00e3o. N\u00e3o negligencie nada, porque \u00e9 muito do\u00eddo, muito sofrido no come\u00e7o. Sofri muito\u201d, comentou.<\/p>\n<\/div>\n<div class=\"content-ads content-ads--reveal\" data-block-type=\"ads\" data-block-id=\"8\"><\/div>\n<div class=\"mc-column content-text active-extra-styles \" data-block-type=\"unstyled\" data-block-weight=\"27\" data-block-id=\"9\">O Paran\u00e1 tem 511 casos do novo coronav\u00edrus,\u00a0segundo boletim divulgado pela Secretaria de Estado da Sa\u00fade (Sesa) na tarde desta ter\u00e7a-feira. Destes,54 s\u00e3o em Londrina.<\/div>\n<div class=\"mc-column content-text active-extra-styles \" data-block-type=\"unstyled\" data-block-weight=\"39\" data-block-id=\"10\">\n<p class=\"content-text__container \" data-track-category=\"Link no Texto\" data-track-links=\"\">J\u00e1 a Prefeitura de Londrina, em boletim divulgado tamb\u00e9m nesta ter\u00e7a-feira, a cidade tem 58 casos confirmados. Destes, 25 est\u00e3o em isolamento domiciliar, 12 est\u00e3o internados e outros 19 est\u00e3o recuperados. O munic\u00edpio registrou duas mortes pela doen\u00e7a.<\/p>\n<\/div>\n<div class=\"mc-column content-text active-extra-styles \" data-block-type=\"unstyled\" data-block-weight=\"27\" data-block-id=\"11\">\n<p class=\"content-text__container \" data-track-category=\"Link no Texto\" data-track-links=\"\">De acordo a Secretaria Municipal de Sa\u00fade de Londrina, os n\u00fameros s\u00e3o diferentes pela facilidade em obter os dados dos exames com cl\u00ednicas particulares da cidade.<\/p>\n<\/div>\n<p data-track-category=\"Link no Texto\" data-track-links=\"\"><a href=\"https:\/\/g1.globo.com\/pr\/norte-noroeste\/noticia\/2020\/04\/07\/idosa-de-78-anos-se-recupera-do-novo-coronavirus-e-recebe-alta-da-uti-em-londrina-muito-feliz.ghtml\">fonte<\/a><\/p>\n<\/div>\n","protected":false},"excerpt":{"rendered":"<p>Aparecida Odete estava internada desde o dia 31 de mar\u00e7o e recebe alta ap\u00f3s sete dias. Ela segue internada e em isolamento, mas j\u00e1 comemora a<span class=\"excerpt-hellip\"> [?]<\/span><\/p>\n","protected":false},"author":110,"featured_media":7142,"comment_status":"closed","ping_status":"open","sticky":false,"template":"","format":"standard","meta":{"_joinchat":[],"footnotes":""},"categories":[159,171],"tags":[],"class_list":["post-7160","post","type-post","status-publish","format-standard","has-post-thumbnail","hentry","category-clientes","category-hospital-evangelico"],"_links":{"self":[{"href":"https:\/\/www.inovelondrina.com.br\/agencia\/wp-json\/wp\/v2\/posts\/7160","targetHints":{"allow":["GET"]}}],"collection":[{"href":"https:\/\/www.inovelondrina.com.br\/agencia\/wp-json\/wp\/v2\/posts"}],"about":[{"href":"https:\/\/www.inovelondrina.com.br\/agencia\/wp-json\/wp\/v2\/types\/post"}],"author":[{"embeddable":true,"href":"https:\/\/www.inovelondrina.com.br\/agencia\/wp-json\/wp\/v2\/users\/110"}],"replies":[{"embeddable":true,"href":"https:\/\/www.inovelondrina.com.br\/agencia\/wp-json\/wp\/v2\/comments?post=7160"}],"version-history":[{"count":0,"href":"https:\/\/www.inovelondrina.com.br\/agencia\/wp-json\/wp\/v2\/posts\/7160\/revisions"}],"wp:featuredmedia":[{"embeddable":true,"href":"https:\/\/www.inovelondrina.com.br\/agencia\/wp-json\/wp\/v2\/media\/7142"}],"wp:attachment":[{"href":"https:\/\/www.inovelondrina.com.br\/agencia\/wp-json\/wp\/v2\/media?parent=7160"}],"wp:term":[{"taxonomy":"category","embeddable":true,"href":"https:\/\/www.inovelondrina.com.br\/agencia\/wp-json\/wp\/v2\/categories?post=7160"},{"taxonomy":"post_tag","embeddable":true,"href":"https:\/\/www.inovelondrina.com.br\/agencia\/wp-json\/wp\/v2\/tags?post=7160"}],"curies":[{"name":"wp","href":"https:\/\/api.w.org\/{rel}","templated":true}]}}