{"id":7141,"date":"2020-03-30T14:32:51","date_gmt":"2020-03-30T17:32:51","guid":{"rendered":"https:\/\/www.inovelondrina.com.br\/agencia\/?p=7141"},"modified":"2020-04-03T14:34:21","modified_gmt":"2020-04-03T17:34:21","slug":"coronavirus-corrente-solidaria-arrecada-r-500-mil-para-compra-de-respiradores-para-hospital-de-londrina","status":"publish","type":"post","link":"https:\/\/www.inovelondrina.com.br\/agencia\/coronavirus-corrente-solidaria-arrecada-r-500-mil-para-compra-de-respiradores-para-hospital-de-londrina\/","title":{"rendered":"Coronav\u00edrus: Corrente solid\u00e1ria arrecada R$ 500 mil para compra de respiradores para hospital de Londrina"},"content":{"rendered":"<p class=\"content-head__subtitle\">Grupo de amigos se mobilizou pelas redes sociais e conseguiu doa\u00e7\u00f5es de 250 pessoas. Dinheiro ser\u00e1 repassado ao Hospital Evang\u00e9lico para a compra de 12 equipamentos utilizados em UTIs.<\/p>\n<div class=\"mc-column content-text active-extra-styles \" data-block-type=\"unstyled\" data-block-weight=\"36\" data-block-id=\"2\">\n<p class=\"content-text__container \" data-track-category=\"Link no Texto\" data-track-links=\"\">Com a previs\u00e3o de crescimento no n\u00famero de pacientes que ser\u00e3o infectados pelo novo coronav\u00edrus, um grupo de amigos de Londrina, no norte do Paran\u00e1, decidiu agir para equipar um hospital da cidade com mais respiradores.<\/p>\n<\/div>\n<div class=\"wall protected-content\">\n<div class=\"mc-column content-text active-extra-styles \" data-block-type=\"unstyled\" data-block-weight=\"36\" data-block-id=\"3\">\n<p class=\"content-text__container \" data-track-category=\"Link no Texto\" data-track-links=\"\">A corrente de solidariedade se espalhou e com a doa\u00e7\u00e3o de 250 pessoas, o grupo arrecadou R$ 500 mil, o que \u00e9 suficiente para comprar 12 equipamentos. Cada respirador custa, em m\u00e9dia, R$ 40 mil.<\/p>\n<\/div>\n<div class=\"mc-column content-text active-extra-styles \" data-block-type=\"unstyled\" data-block-weight=\"42\" data-block-id=\"4\">\n<p class=\"content-text__container \" data-track-category=\"Link no Texto\" data-track-links=\"\">O m\u00e9dico Adriano Freitas Ribeiro, diretor t\u00e9cnico de Unidade de Terapia Intensiva (UTI) e integrante da equipe que atende pacientes com Covid-19 do Hospital Evang\u00e9lico, conta que a ideia da compra de equipamentos surgiu em uma conversa em um grupo de WhatsApp.<\/p>\n<\/div>\n<div class=\"mc-column content-text active-extra-styles \" data-block-type=\"unstyled\" data-block-weight=\"58\" data-block-id=\"5\">\n<p class=\"content-text__container \" data-track-category=\"Link no Texto\" data-track-links=\"\">&#8220;Nesse grupo h\u00e1 m\u00e9dicos, empres\u00e1rios, advogados, agricultores, todos amigos desde a adolesc\u00eancia. Conversando sobre a situa\u00e7\u00e3o atual quer\u00edamos ajudar de alguma forma. Ent\u00e3o, surgiu a ideia de comprarmos respiradores. Mais importante do que um leito de UTI, \u00e9 a disponibilidade do ventilado mec\u00e2nico. Quantos mais ventilador tiver, maior a chance de sucesso no atendimento dos pacientes&#8221;, explicou.<\/p>\n<\/div>\n<div class=\"mc-column content-text active-extra-styles \" data-block-type=\"unstyled\" data-block-weight=\"47\" data-block-id=\"6\">\n<p class=\"content-text__container \" data-track-category=\"Link no Texto\" data-track-links=\"\">Os respiradores ser\u00e3o comprados pelo setor de compras do hospital Evang\u00e9lico, que atende pacientes do SUS e de conv\u00eanios. A aquisi\u00e7\u00e3o ser\u00e1 realizada em uma empresa de Curitiba, que ainda tinha equipamentos dispon\u00edveis para a venda, e devem ser entregues no hospital em at\u00e9 dez dias.<\/p>\n<p class=\"content-text__container \" data-track-category=\"Link no Texto\" data-track-links=\"\"><span style=\"font-family: inherit; font-size: inherit; font-style: inherit; font-variant-ligatures: inherit; font-variant-caps: inherit; font-weight: inherit; text-align: center;\">Segundo o m\u00e9dico Adriano Freitas Ribeiro, o Hospital Evang\u00e9lico tem 56 leitos de UTIs adultos e 28 respiradores.<\/span><\/p>\n<\/div>\n<div class=\"mc-column content-text active-extra-styles \" data-block-type=\"unstyled\" data-block-weight=\"38\" data-block-id=\"9\">\n<p class=\"content-text__container \" data-track-category=\"Link no Texto\" data-track-links=\"\">&#8220;Com esses novos ventiladores mec\u00e2nicos, 24 pacientes poder\u00e3o ser atendidos por m\u00eas. Se considerarmos que a quantidade de casos pode ser preocupante pelos pr\u00f3ximos quatro meses, os respiradores poder\u00e3o ser usados por quase 100 pessoas&#8221;, explicou Adriano Ribeiro.<\/p>\n<\/div>\n<div class=\"mc-column content-text active-extra-styles \" data-block-type=\"unstyled\" data-block-weight=\"17\" data-block-id=\"10\">\n<p class=\"content-text__container \" data-track-category=\"Link no Texto\" data-track-links=\"\">&#8220;Esse \u00e9 um ato de cidadania. Se cada um fizer a sua parte, reduzimos as preocupa\u00e7\u00f5es&#8221;, concluiu.<\/p>\n<div class=\"content-video__video\">\n<div id=\"wp3-player-1\" class=\"clappr-player video-rec-after-end--enabled\" tabindex=\"9999\" data-player=\"\">\n<div class=\"media-control vod share-modal--visible media-control--panels-hide\">\n<div class=\"media-control-panel\">\n<div class=\"media-control-panel__modal settings__modal\">\n<div class=\"share__box share__box--link-copied\">\n<div class=\"share__item-copied-box\">\n<p class=\"share__subtitle\"><a href=\"https:\/\/globoplay.globo.com\/v\/8441763\/\">globoplay.globo.com\/v\/8441763\/<\/a><\/p>\n<\/div>\n<\/div>\n<\/div>\n<\/div>\n<\/div>\n<\/div>\n<\/div>\n<\/div>\n<div class=\"row medium-uncollapsed content-media content-photo\" data-block-type=\"backstage-photo\" data-block-id=\"11\">\n<div class=\"mc-column content-media__container\">\n<div class=\"progressive-img can-open-lightbox\" data-min-size=\"1008x930\" data-min-size-url=\"https:\/\/s2.glbimg.com\/ZSUCIyQTVkcLZ0nwleyVR_dnDpE=\/0x0:1024x945\/1008x0\/smart\/filters:strip_icc()\/i.s3.glbimg.com\/v1\/AUTH_59edd422c0c84a879bd37670ae4f538a\/internal_photos\/bs\/2020\/t\/g\/kXedKZQROLBPGP3Gu5oQ\/respiradores.jpg\" data-max-size=\"1600x1476\" data-max-size-url=\"https:\/\/s2.glbimg.com\/Cy1DIDgHFh8nvI4C59H0tZeK86I=\/0x0:1024x945\/1600x0\/smart\/filters:strip_icc()\/i.s3.glbimg.com\/v1\/AUTH_59edd422c0c84a879bd37670ae4f538a\/internal_photos\/bs\/2020\/t\/g\/kXedKZQROLBPGP3Gu5oQ\/respiradores.jpg\" data-media-index=\"0\">\n<div class=\"placeholder-container\"><a href=\"https:\/\/g1.globo.com\/pr\/norte-noroeste\/noticia\/2020\/03\/30\/coronavirus-corrente-solidaria-arrecada-r-500-mil-para-a-compra-de-respiradores-para-hospital-de-londrina.ghtml\">fonte<\/a><\/div>\n<\/div>\n<\/div>\n<\/div>\n<\/div>\n","protected":false},"excerpt":{"rendered":"<p>Grupo de amigos se mobilizou pelas redes sociais e conseguiu doa\u00e7\u00f5es de 250 pessoas. Dinheiro ser\u00e1 repassado ao Hospital Evang\u00e9lico para a compra de 12 equipamentos<span class=\"excerpt-hellip\"> [?]<\/span><\/p>\n","protected":false},"author":110,"featured_media":7144,"comment_status":"closed","ping_status":"open","sticky":false,"template":"","format":"standard","meta":{"_joinchat":[],"footnotes":""},"categories":[159,171],"tags":[],"class_list":["post-7141","post","type-post","status-publish","format-standard","has-post-thumbnail","hentry","category-clientes","category-hospital-evangelico"],"_links":{"self":[{"href":"https:\/\/www.inovelondrina.com.br\/agencia\/wp-json\/wp\/v2\/posts\/7141","targetHints":{"allow":["GET"]}}],"collection":[{"href":"https:\/\/www.inovelondrina.com.br\/agencia\/wp-json\/wp\/v2\/posts"}],"about":[{"href":"https:\/\/www.inovelondrina.com.br\/agencia\/wp-json\/wp\/v2\/types\/post"}],"author":[{"embeddable":true,"href":"https:\/\/www.inovelondrina.com.br\/agencia\/wp-json\/wp\/v2\/users\/110"}],"replies":[{"embeddable":true,"href":"https:\/\/www.inovelondrina.com.br\/agencia\/wp-json\/wp\/v2\/comments?post=7141"}],"version-history":[{"count":0,"href":"https:\/\/www.inovelondrina.com.br\/agencia\/wp-json\/wp\/v2\/posts\/7141\/revisions"}],"wp:featuredmedia":[{"embeddable":true,"href":"https:\/\/www.inovelondrina.com.br\/agencia\/wp-json\/wp\/v2\/media\/7144"}],"wp:attachment":[{"href":"https:\/\/www.inovelondrina.com.br\/agencia\/wp-json\/wp\/v2\/media?parent=7141"}],"wp:term":[{"taxonomy":"category","embeddable":true,"href":"https:\/\/www.inovelondrina.com.br\/agencia\/wp-json\/wp\/v2\/categories?post=7141"},{"taxonomy":"post_tag","embeddable":true,"href":"https:\/\/www.inovelondrina.com.br\/agencia\/wp-json\/wp\/v2\/tags?post=7141"}],"curies":[{"name":"wp","href":"https:\/\/api.w.org\/{rel}","templated":true}]}}