{"id":7130,"date":"2020-03-15T04:42:50","date_gmt":"2020-03-15T07:42:50","guid":{"rendered":"https:\/\/www.inovelondrina.com.br\/agencia\/?p=7130"},"modified":"2020-03-25T04:45:06","modified_gmt":"2020-03-25T07:45:06","slug":"hospital-evangelico-suspende-visitas-devido-ao-avanco-do-coronavirus","status":"publish","type":"post","link":"https:\/\/www.inovelondrina.com.br\/agencia\/hospital-evangelico-suspende-visitas-devido-ao-avanco-do-coronavirus\/","title":{"rendered":"Hospital Evang\u00e9lico suspende visitas devido ao avan\u00e7o do coronav\u00edrus"},"content":{"rendered":"<p>Santa Casa de Camb\u00e9 tamb\u00e9m restringe presen\u00e7a de acompanhantes para pacientes graves, menores de idade e idosos.<\/p>\n<p>O Hospital Evang\u00e9lico de Londrina anunciou a suspens\u00e3o de todas as visitas aos pacientes internados na unidade como uma medida preventiva ao aumento no n\u00famero de casos de coronav\u00edrus. Por meio de nota, a dire\u00e7\u00e3o do hospital ressaltou que a medida tem a finalidade de reduzir o fluxo de pessoas, garantindo mais seguran\u00e7a aos pacientes e aos funcion\u00e1rios.<\/p>\n<ul>\n<li>Manifesta\u00e7\u00e3o pr\u00f3-governo ser\u00e1 mantida em Londrina; Bolsonaro sugeriu suspens\u00e3o em live<\/li>\n<\/ul>\n<p>A unidade tamb\u00e9m indicou que apenas pacientes graves, menores de 18 anos ou idosos poder\u00e3o contar com a presen\u00e7a de um acompanhamento. Para estes casos, os acompanhantes poder\u00e3o se revezar nas faixas de hor\u00e1rio das 7h \u00e0s 9h; 12h \u00e0s 14h; 18h \u00e0s 20h. O Hospital Evang\u00e9lico alerta que pessoas que apresentem sintomas compat\u00edveis como tosse ou coriza, n\u00e3o se dirijam \u00e0 unidade para acompanhar pacientes internados.<\/p>\n<p><strong>Santa Casa de Camb\u00e9<\/strong>\u00a0\u2013 A unidade de sa\u00fade tamb\u00e9m informou que as visitas para pacientes internados est\u00e3o suspensas. A medida \u00e9 extensiva tamb\u00e9m \u00e0s m\u00e3es e rec\u00e9m-nascidos internados na maternidade. O protocolo \u00e9 semelhante ao adotado pelo Hospital Evang\u00e9lico em Londrina: pacientes graves, menores de idade e idosos poder\u00e3o permanecer acompanhados. Os hor\u00e1rios para o revezamento dos acompanhantes s\u00e3o das 7h \u00e0s 8h ou 20h30 \u00e0s 21h30.<\/p>\n<p><a href=\"https:\/\/paiquerefmnews.com.br\/noticia\/hospital-evangelico-suspende-visitas-devido-ao-avanco-do-coronavirus\">Fonte<\/a><\/p>\n","protected":false},"excerpt":{"rendered":"<p>Santa Casa de Camb\u00e9 tamb\u00e9m restringe presen\u00e7a de acompanhantes para pacientes graves, menores de idade e idosos. O Hospital Evang\u00e9lico de Londrina anunciou a suspens\u00e3o de<span class=\"excerpt-hellip\"> [?]<\/span><\/p>\n","protected":false},"author":110,"featured_media":4441,"comment_status":"closed","ping_status":"open","sticky":false,"template":"","format":"standard","meta":{"_joinchat":[],"footnotes":""},"categories":[159,171],"tags":[],"class_list":["post-7130","post","type-post","status-publish","format-standard","has-post-thumbnail","hentry","category-clientes","category-hospital-evangelico"],"_links":{"self":[{"href":"https:\/\/www.inovelondrina.com.br\/agencia\/wp-json\/wp\/v2\/posts\/7130","targetHints":{"allow":["GET"]}}],"collection":[{"href":"https:\/\/www.inovelondrina.com.br\/agencia\/wp-json\/wp\/v2\/posts"}],"about":[{"href":"https:\/\/www.inovelondrina.com.br\/agencia\/wp-json\/wp\/v2\/types\/post"}],"author":[{"embeddable":true,"href":"https:\/\/www.inovelondrina.com.br\/agencia\/wp-json\/wp\/v2\/users\/110"}],"replies":[{"embeddable":true,"href":"https:\/\/www.inovelondrina.com.br\/agencia\/wp-json\/wp\/v2\/comments?post=7130"}],"version-history":[{"count":0,"href":"https:\/\/www.inovelondrina.com.br\/agencia\/wp-json\/wp\/v2\/posts\/7130\/revisions"}],"wp:featuredmedia":[{"embeddable":true,"href":"https:\/\/www.inovelondrina.com.br\/agencia\/wp-json\/wp\/v2\/media\/4441"}],"wp:attachment":[{"href":"https:\/\/www.inovelondrina.com.br\/agencia\/wp-json\/wp\/v2\/media?parent=7130"}],"wp:term":[{"taxonomy":"category","embeddable":true,"href":"https:\/\/www.inovelondrina.com.br\/agencia\/wp-json\/wp\/v2\/categories?post=7130"},{"taxonomy":"post_tag","embeddable":true,"href":"https:\/\/www.inovelondrina.com.br\/agencia\/wp-json\/wp\/v2\/tags?post=7130"}],"curies":[{"name":"wp","href":"https:\/\/api.w.org\/{rel}","templated":true}]}}