{"id":7091,"date":"2020-03-14T01:39:32","date_gmt":"2020-03-14T04:39:32","guid":{"rendered":"https:\/\/www.inovelondrina.com.br\/agencia\/?p=7091"},"modified":"2020-03-17T01:41:14","modified_gmt":"2020-03-17T04:41:14","slug":"hospitais-anunciam-suspensoes-de-visitas-aos-pacientes","status":"publish","type":"post","link":"https:\/\/www.inovelondrina.com.br\/agencia\/hospitais-anunciam-suspensoes-de-visitas-aos-pacientes\/","title":{"rendered":"Hospitais anunciam suspens\u00f5es de visitas aos pacientes"},"content":{"rendered":"<p>O Hospital Evang\u00e9lico de Londrina suspendeu todas as visitas para pacientes internados na institui\u00e7\u00e3o devido a pandemia do coronav\u00edrus (COVID-19). Al\u00e9m disso, a presen\u00e7a de acompanhantes foi restrita apenas para pacientes graves, menores de 18 anos e idosos com 60 anos ou mais. Nestes casos ser\u00e3o permitidas trocas de acompanhantes nos seguintes hor\u00e1rios: 7h \u00e0s 9h; 12h \u00e0s 14h; 18h \u00e0s 20h.<\/p>\n<p>Por meio de nota, a institui\u00e7\u00e3o solicitou para que todos os acompanhantes que, caso possua sintomas gripais como febre, tosse ou coriza, permane\u00e7a em casa, n\u00e3o venha ao hospital. Esta medida busca diminuir o fluxo de pessoas dentro da institui\u00e7\u00e3o e, desta forma, trazer mais seguran\u00e7a para os pacientes e colaboradores.<\/p>\n<p><strong>Santa Casa de Camb\u00e9<br \/>\n<\/strong>A unidade tamb\u00e9m suspendeu todas as visitas para pacientes Internados, inclusive na maternidade. A presen\u00e7a de acompanhantes foi restrita apenas para pacientes graves, menores de 18 anos e idosos com 60 anos ou mais. Nestes casos ser\u00e3o permitidas trocas de acompanhantes das 7h \u00e0s 8h ou 20h30 \u00e0s 21h30.<\/p>\n<p><a href=\"https:\/\/tarobanews.com\/noticias\/ciencia-e-saude\/hospitais-anunciam-suspensoes-de-visitas-aos-pacientes-ZmXlg.html\">Fonte<\/a><\/p>\n","protected":false},"excerpt":{"rendered":"<p>O Hospital Evang\u00e9lico de Londrina suspendeu todas as visitas para pacientes internados na institui\u00e7\u00e3o devido a pandemia do coronav\u00edrus (COVID-19). Al\u00e9m disso, a presen\u00e7a de acompanhantes<span class=\"excerpt-hellip\"> [?]<\/span><\/p>\n","protected":false},"author":110,"featured_media":5251,"comment_status":"closed","ping_status":"open","sticky":false,"template":"","format":"standard","meta":{"_joinchat":[],"footnotes":""},"categories":[159,171],"tags":[],"class_list":["post-7091","post","type-post","status-publish","format-standard","has-post-thumbnail","hentry","category-clientes","category-hospital-evangelico"],"_links":{"self":[{"href":"https:\/\/www.inovelondrina.com.br\/agencia\/wp-json\/wp\/v2\/posts\/7091","targetHints":{"allow":["GET"]}}],"collection":[{"href":"https:\/\/www.inovelondrina.com.br\/agencia\/wp-json\/wp\/v2\/posts"}],"about":[{"href":"https:\/\/www.inovelondrina.com.br\/agencia\/wp-json\/wp\/v2\/types\/post"}],"author":[{"embeddable":true,"href":"https:\/\/www.inovelondrina.com.br\/agencia\/wp-json\/wp\/v2\/users\/110"}],"replies":[{"embeddable":true,"href":"https:\/\/www.inovelondrina.com.br\/agencia\/wp-json\/wp\/v2\/comments?post=7091"}],"version-history":[{"count":0,"href":"https:\/\/www.inovelondrina.com.br\/agencia\/wp-json\/wp\/v2\/posts\/7091\/revisions"}],"wp:featuredmedia":[{"embeddable":true,"href":"https:\/\/www.inovelondrina.com.br\/agencia\/wp-json\/wp\/v2\/media\/5251"}],"wp:attachment":[{"href":"https:\/\/www.inovelondrina.com.br\/agencia\/wp-json\/wp\/v2\/media?parent=7091"}],"wp:term":[{"taxonomy":"category","embeddable":true,"href":"https:\/\/www.inovelondrina.com.br\/agencia\/wp-json\/wp\/v2\/categories?post=7091"},{"taxonomy":"post_tag","embeddable":true,"href":"https:\/\/www.inovelondrina.com.br\/agencia\/wp-json\/wp\/v2\/tags?post=7091"}],"curies":[{"name":"wp","href":"https:\/\/api.w.org\/{rel}","templated":true}]}}