{"id":7077,"date":"2020-03-14T01:28:03","date_gmt":"2020-03-14T04:28:03","guid":{"rendered":"https:\/\/www.inovelondrina.com.br\/agencia\/?p=7077"},"modified":"2020-03-17T01:30:23","modified_gmt":"2020-03-17T04:30:23","slug":"hospital-evangelico-de-londrina-suspende-visitas-por-conta-do-coronavirus","status":"publish","type":"post","link":"https:\/\/www.inovelondrina.com.br\/agencia\/hospital-evangelico-de-londrina-suspende-visitas-por-conta-do-coronavirus\/","title":{"rendered":"Hospital Evang\u00e9lico de Londrina suspende visitas por conta do coronav\u00edrus"},"content":{"rendered":"<p>O Hospital Evang\u00e9lico de Londrina comunica que, por causa da pandemia do Covid-19, o novo\u00a0<a href=\"https:\/\/www.bonde.com.br\/tags\/coronavirus\/\" target=\"_blank\" rel=\"noopener noreferrer\">coronav\u00edrus<\/a>, todas as visitas para pacientes internados na institui\u00e7\u00e3o foram suspensas.<\/p>\n<div align=\"center\">\n<div class=\"imagefmt\">\n<div class=\"e8 center\">Marcos Zanutto\/Arquivo\/Folha<\/div>\n<p><img decoding=\"async\" class=\"imgz\" title=\"Marcos Zanutto\/Arquivo\/Folha\" src=\"https:\/\/www.bonde.com.br\/img\/bondenews\/2020\/03\/img_1_27_3594.jpg\" alt=\"Marcos Zanutto\/Arquivo\/Folha\" \/><\/div>\n<\/div>\n<div id=\"smartIntxt\" data-id=\"_mwayss-a790b19fa695c1b6aff666405687c603\"><\/div>\n<p>Al\u00e9m disso, a presen\u00e7a de acompanhantes foi restrita apenas para pacientes graves, menores de 18 anos e idosos com 60 anos ou mais. Nestes casos ser\u00e3o permitidas trocas de acompanhantes nos seguintes hor\u00e1rios: 07h00 \u00e0s 09h00 | 12h00 \u00e0s 14h00 | 18h00 \u00e0s 20h00.<\/p>\n<p>A dire\u00e7\u00e3o do hospital solicita para todos os acompanhantes que, caso possua sintomas gripais como febre, tosse ou coriza, permane\u00e7a em casa, n\u00e3o venha ao hospital.<\/p>\n<p>Esta medida, conforme o hospital, busca diminuir o fluxo de pessoas dentro da institui\u00e7\u00e3o e, desta forma, trazer mais seguran\u00e7a para os pacientes e colaboradores.<\/p>\n<p><b><a href=\"https:\/\/www.bonde.com.br\/tags\/cambe\/\" target=\"_blank\" rel=\"noopener noreferrer\">Camb\u00e9<\/a><\/b><\/p>\n<p>A Santa Casa de Miseric\u00f3rdia de\u00a0<a href=\"https:\/\/www.bonde.com.br\/tags\/cambe\/\" target=\"_blank\" rel=\"noopener noreferrer\">Camb\u00e9<\/a>\u00a0suspendeu visitas a pacientes da UTI (Unidade de Terapia Intensiva). O hospital informou por meio de suas redes sociais que o m\u00e9dico informar\u00e1 a situa\u00e7\u00e3o dos pacientes na recep\u00e7\u00e3o da ortopedia diariamente, das 16h30 \u00e0s 17h.<\/p>\n<div>\n<div id=\"br_video_player_79d6e80bce07e0ab434b2608f8a2ccac25f13ff2_dummy\">At\u00e9 a tarde deste s\u00e1bado (14), os demais hospitais da regi\u00e3o n\u00e3o haviam divulgado medidas como as descritas acima.<\/div>\n<\/div>\n<div><\/div>\n<div class=\"credito\"><a href=\"https:\/\/www.bonde.com.br\/saude\/noticias\/hospital-evangelico-de-londrina-suspende-visitas-devido-ao-coronavirus-513806.html\">Reda\u00e7\u00e3o Bonde com Assessoria de Imprensa<\/a><\/div>\n","protected":false},"excerpt":{"rendered":"<p>O Hospital Evang\u00e9lico de Londrina comunica que, por causa da pandemia do Covid-19, o novo\u00a0coronav\u00edrus, todas as visitas para pacientes internados na institui\u00e7\u00e3o foram suspensas. Marcos<span class=\"excerpt-hellip\"> [?]<\/span><\/p>\n","protected":false},"author":110,"featured_media":4451,"comment_status":"closed","ping_status":"open","sticky":false,"template":"","format":"standard","meta":{"_joinchat":[],"footnotes":""},"categories":[159,171],"tags":[],"class_list":["post-7077","post","type-post","status-publish","format-standard","has-post-thumbnail","hentry","category-clientes","category-hospital-evangelico"],"_links":{"self":[{"href":"https:\/\/www.inovelondrina.com.br\/agencia\/wp-json\/wp\/v2\/posts\/7077","targetHints":{"allow":["GET"]}}],"collection":[{"href":"https:\/\/www.inovelondrina.com.br\/agencia\/wp-json\/wp\/v2\/posts"}],"about":[{"href":"https:\/\/www.inovelondrina.com.br\/agencia\/wp-json\/wp\/v2\/types\/post"}],"author":[{"embeddable":true,"href":"https:\/\/www.inovelondrina.com.br\/agencia\/wp-json\/wp\/v2\/users\/110"}],"replies":[{"embeddable":true,"href":"https:\/\/www.inovelondrina.com.br\/agencia\/wp-json\/wp\/v2\/comments?post=7077"}],"version-history":[{"count":0,"href":"https:\/\/www.inovelondrina.com.br\/agencia\/wp-json\/wp\/v2\/posts\/7077\/revisions"}],"wp:featuredmedia":[{"embeddable":true,"href":"https:\/\/www.inovelondrina.com.br\/agencia\/wp-json\/wp\/v2\/media\/4451"}],"wp:attachment":[{"href":"https:\/\/www.inovelondrina.com.br\/agencia\/wp-json\/wp\/v2\/media?parent=7077"}],"wp:term":[{"taxonomy":"category","embeddable":true,"href":"https:\/\/www.inovelondrina.com.br\/agencia\/wp-json\/wp\/v2\/categories?post=7077"},{"taxonomy":"post_tag","embeddable":true,"href":"https:\/\/www.inovelondrina.com.br\/agencia\/wp-json\/wp\/v2\/tags?post=7077"}],"curies":[{"name":"wp","href":"https:\/\/api.w.org\/{rel}","templated":true}]}}