{"id":7061,"date":"2020-03-04T08:40:03","date_gmt":"2020-03-04T11:40:03","guid":{"rendered":"https:\/\/www.inovelondrina.com.br\/agencia\/?p=7061"},"modified":"2020-03-12T08:56:53","modified_gmt":"2020-03-12T11:56:53","slug":"hospital-evangelico-de-londrina-lanca-campanha-para-arrecadar-r-400-mil-e-terminar-reforma-do-pronto-socorro","status":"publish","type":"post","link":"https:\/\/www.inovelondrina.com.br\/agencia\/hospital-evangelico-de-londrina-lanca-campanha-para-arrecadar-r-400-mil-e-terminar-reforma-do-pronto-socorro\/","title":{"rendered":"Hospital Evang\u00e9lico de Londrina lan\u00e7a campanha para arrecadar R$ 400 mil e terminar reforma do Pronto Socorro"},"content":{"rendered":"<header class=\"titulo-pagina\">Al\u00e9m das adequa\u00e7\u00f5es e amplia\u00e7\u00e3o da \u00e1rea, a unidade vai implantar um modelo de atendimento diferenciado aos pacientes internados.<\/header>\n<div class=\"conteudo\">\n<p>O Grupo de Apoio do Hospital Evang\u00e9lico de Londrina est\u00e1 empenhado em conseguir os R$ 400 mil que faltam para terminar a reforma do Pronto Socorro (PS). Depois de pronta, a unidade vai contar com um aumento de 29 leitos de atendimento e um complemento de 247m\u00b2 de \u00e1rea \u00fatil. A coordenadora do grupo, Elaine El-Kadre conta que a campanha vai contar com uma rifa que vai sortear um carro. Os detalhes do sorteio ainda est\u00e3o sendo definidos.<\/p>\n<p>O hospital j\u00e1 conseguiu a doa\u00e7\u00e3o de R$ 1 milh\u00e3o e outros R$ 84 mil vieram da renda de um jantar beneficente promovido em outubro do ano passado. Al\u00e9m da reforma, como explica o diretor t\u00e9cnico Bruno Bressanini, um novo modelo de atendimento vai ser implantado, o que promete melhorar o tratamento dos pacientes. Eles n\u00e3o ter\u00e3o mais que ir de sala em sala. O novo sistema garante que a equipe m\u00e9dica e farmac\u00eautica v\u00e1 at\u00e9 o paciente internado.<\/p>\n<p>Esse modelo de gest\u00e3o e atendimento ser\u00e1 in\u00e9dito em Londrina.<\/p>\n<\/div>\n<div class=\"item-por\">Por<a href=\"https:\/\/cbnlondrina.com.br\/materias\/hospital-evangelico-de-londrina-lanca-campanha-para-arrecadar-r-400-mil-e-terminar-reforma-do-pronto-socorro\">\u00a0<b>Claudia Lima<\/b><\/a><\/div>\n<div><\/div>\n<div>\n<audio class=\"wp-audio-shortcode\" id=\"audio-7061-1\" preload=\"none\" style=\"width: 100%;\" controls=\"controls\"><source type=\"audio\/mpeg\" src=\"https:\/\/cbnlondrina.com.br\/uploads\/materia_audio\/28-CLAUDIA_efkFxTYNqUJjEOr.mp3?_=1\" \/><a href=\"https:\/\/cbnlondrina.com.br\/uploads\/materia_audio\/28-CLAUDIA_efkFxTYNqUJjEOr.mp3\">https:\/\/cbnlondrina.com.br\/uploads\/materia_audio\/28-CLAUDIA_efkFxTYNqUJjEOr.mp3<\/a><\/audio>\n<\/div>\n<div><\/div>\n","protected":false},"excerpt":{"rendered":"<p>Al\u00e9m das adequa\u00e7\u00f5es e amplia\u00e7\u00e3o da \u00e1rea, a unidade vai implantar um modelo de atendimento diferenciado aos pacientes internados. O Grupo de Apoio do Hospital Evang\u00e9lico<span class=\"excerpt-hellip\"> [?]<\/span><\/p>\n","protected":false},"author":110,"featured_media":4319,"comment_status":"closed","ping_status":"open","sticky":false,"template":"","format":"standard","meta":{"_joinchat":[],"footnotes":""},"categories":[159,171],"tags":[],"class_list":["post-7061","post","type-post","status-publish","format-standard","has-post-thumbnail","hentry","category-clientes","category-hospital-evangelico"],"_links":{"self":[{"href":"https:\/\/www.inovelondrina.com.br\/agencia\/wp-json\/wp\/v2\/posts\/7061","targetHints":{"allow":["GET"]}}],"collection":[{"href":"https:\/\/www.inovelondrina.com.br\/agencia\/wp-json\/wp\/v2\/posts"}],"about":[{"href":"https:\/\/www.inovelondrina.com.br\/agencia\/wp-json\/wp\/v2\/types\/post"}],"author":[{"embeddable":true,"href":"https:\/\/www.inovelondrina.com.br\/agencia\/wp-json\/wp\/v2\/users\/110"}],"replies":[{"embeddable":true,"href":"https:\/\/www.inovelondrina.com.br\/agencia\/wp-json\/wp\/v2\/comments?post=7061"}],"version-history":[{"count":0,"href":"https:\/\/www.inovelondrina.com.br\/agencia\/wp-json\/wp\/v2\/posts\/7061\/revisions"}],"wp:featuredmedia":[{"embeddable":true,"href":"https:\/\/www.inovelondrina.com.br\/agencia\/wp-json\/wp\/v2\/media\/4319"}],"wp:attachment":[{"href":"https:\/\/www.inovelondrina.com.br\/agencia\/wp-json\/wp\/v2\/media?parent=7061"}],"wp:term":[{"taxonomy":"category","embeddable":true,"href":"https:\/\/www.inovelondrina.com.br\/agencia\/wp-json\/wp\/v2\/categories?post=7061"},{"taxonomy":"post_tag","embeddable":true,"href":"https:\/\/www.inovelondrina.com.br\/agencia\/wp-json\/wp\/v2\/tags?post=7061"}],"curies":[{"name":"wp","href":"https:\/\/api.w.org\/{rel}","templated":true}]}}