{"id":7058,"date":"2020-03-04T08:37:19","date_gmt":"2020-03-04T11:37:19","guid":{"rendered":"https:\/\/www.inovelondrina.com.br\/agencia\/?p=7058"},"modified":"2020-03-12T08:39:47","modified_gmt":"2020-03-12T11:39:47","slug":"reforma-vai-aumentar-29-leitos-no-hospital-evangelico","status":"publish","type":"post","link":"https:\/\/www.inovelondrina.com.br\/agencia\/reforma-vai-aumentar-29-leitos-no-hospital-evangelico\/","title":{"rendered":"Reforma vai aumentar 29 leitos no Hospital Evang\u00e9lico"},"content":{"rendered":"<div class=\"postagem\">\n<p>O Hospital Evang\u00e9lico vai come\u00e7ar uma obra que vai abrir 29 leitos no pronto socorro. O sistema de atendimento tamb\u00e9m vai mudar.<\/p>\n<p>A amplia\u00e7\u00e3o do pronto socorro come\u00e7a em abril. S\u00e3o quase 250 metros quadrados de constru\u00e7\u00e3o e mais 29 leitos.<\/p>\n<p>Por anos o PS do evang\u00e9lico faz 70 mil atendimentos. Mas havia um d\u00e9ficit de leitos. As novas vagas trazem f\u00f4lego para o hospital, que tamb\u00e9m recebe pacientes do SUS.<\/p>\n<p>A obra de amplia\u00e7\u00e3o vai ser no local que hoje \u00e9 um dep\u00f3sito. Vai durar seis meses e deve custar R$ 1,4 milh\u00e3o, dinheiro que est\u00e1 sendo arrecadado atrav\u00e9s de doa\u00e7\u00f5es.<\/p>\n<p>Com o fim da amplia\u00e7\u00e3o, um novo modelo de atendimento vai ser implantado no pronto socorro. H\u00e1 uma mudan\u00e7a em toda a din\u00e2mica desde a chegada do doente. Uma das novidades \u00e9 que n\u00e3o devem existir mais consult\u00f3rios: \u00e9 o m\u00e9dico que vai ao encontro do paciente.<\/p>\n<p>Conhecido como fast track, o sistema traz mais agilidade e humaniza\u00e7\u00e3o ao atendimento.<\/p>\n<p><a href=\"https:\/\/tarobanews.com\/noticias\/ciencia-e-saude\/reforma-vai-aumentar-29-leitos-no-hospital-evangelico-bMPVO.html\">fonte<\/a><\/p>\n<p><iframe loading=\"lazy\" title=\"4-03 29 novos leitos no Hospital Evang\u00e9lico\" width=\"1220\" height=\"686\" src=\"https:\/\/www.youtube.com\/embed\/_9s2CCe8L08?feature=oembed\" frameborder=\"0\" allow=\"accelerometer; autoplay; clipboard-write; encrypted-media; gyroscope; picture-in-picture\" allowfullscreen><\/iframe><\/p>\n<\/div>\n","protected":false},"excerpt":{"rendered":"<p>O Hospital Evang\u00e9lico vai come\u00e7ar uma obra que vai abrir 29 leitos no pronto socorro. O sistema de atendimento tamb\u00e9m vai mudar. A amplia\u00e7\u00e3o do pronto<span class=\"excerpt-hellip\"> [?]<\/span><\/p>\n","protected":false},"author":110,"featured_media":5541,"comment_status":"closed","ping_status":"open","sticky":false,"template":"","format":"standard","meta":{"_joinchat":[],"footnotes":""},"categories":[159,171],"tags":[],"class_list":["post-7058","post","type-post","status-publish","format-standard","has-post-thumbnail","hentry","category-clientes","category-hospital-evangelico"],"_links":{"self":[{"href":"https:\/\/www.inovelondrina.com.br\/agencia\/wp-json\/wp\/v2\/posts\/7058","targetHints":{"allow":["GET"]}}],"collection":[{"href":"https:\/\/www.inovelondrina.com.br\/agencia\/wp-json\/wp\/v2\/posts"}],"about":[{"href":"https:\/\/www.inovelondrina.com.br\/agencia\/wp-json\/wp\/v2\/types\/post"}],"author":[{"embeddable":true,"href":"https:\/\/www.inovelondrina.com.br\/agencia\/wp-json\/wp\/v2\/users\/110"}],"replies":[{"embeddable":true,"href":"https:\/\/www.inovelondrina.com.br\/agencia\/wp-json\/wp\/v2\/comments?post=7058"}],"version-history":[{"count":0,"href":"https:\/\/www.inovelondrina.com.br\/agencia\/wp-json\/wp\/v2\/posts\/7058\/revisions"}],"wp:featuredmedia":[{"embeddable":true,"href":"https:\/\/www.inovelondrina.com.br\/agencia\/wp-json\/wp\/v2\/media\/5541"}],"wp:attachment":[{"href":"https:\/\/www.inovelondrina.com.br\/agencia\/wp-json\/wp\/v2\/media?parent=7058"}],"wp:term":[{"taxonomy":"category","embeddable":true,"href":"https:\/\/www.inovelondrina.com.br\/agencia\/wp-json\/wp\/v2\/categories?post=7058"},{"taxonomy":"post_tag","embeddable":true,"href":"https:\/\/www.inovelondrina.com.br\/agencia\/wp-json\/wp\/v2\/tags?post=7058"}],"curies":[{"name":"wp","href":"https:\/\/api.w.org\/{rel}","templated":true}]}}