{"id":6990,"date":"2019-12-13T00:09:10","date_gmt":"2019-12-13T03:09:10","guid":{"rendered":"https:\/\/www.inovelondrina.com.br\/agencia\/?p=6990"},"modified":"2020-01-10T00:20:24","modified_gmt":"2020-01-10T03:20:24","slug":"lenco-da-seda-brasileira-e-ferramenta-de-poder","status":"publish","type":"post","link":"https:\/\/www.inovelondrina.com.br\/agencia\/lenco-da-seda-brasileira-e-ferramenta-de-poder\/","title":{"rendered":"LEN\u00c7O DA SEDA BRASILEIRA \u00c9 FERRAMENTA DE PODER"},"content":{"rendered":"<p>Herm\u00e8s usa fios de seda produzidos na regi\u00e3o de Maring\u00e1, no Paran\u00e1<\/p>\n<p><a href=\"https:\/\/valor.globo.com\/empresas\/noticia\/2019\/12\/13\/lenco-da-seda-brasileira-e-ferramenta-de-poder.ghtml\">Por Pedro Diniz<\/a><\/p>\n<p>&nbsp;<\/p>\n","protected":false},"excerpt":{"rendered":"<p>Herm\u00e8s usa fios de seda produzidos na regi\u00e3o de Maring\u00e1, no Paran\u00e1 Por Pedro Diniz &nbsp;<\/p>\n","protected":false},"author":110,"featured_media":6991,"comment_status":"closed","ping_status":"open","sticky":false,"template":"","format":"standard","meta":{"_joinchat":[],"footnotes":""},"categories":[159,224],"tags":[],"class_list":["post-6990","post","type-post","status-publish","format-standard","has-post-thumbnail","hentry","category-clientes","category-fiacao-de-seda-bratac"],"_links":{"self":[{"href":"https:\/\/www.inovelondrina.com.br\/agencia\/wp-json\/wp\/v2\/posts\/6990","targetHints":{"allow":["GET"]}}],"collection":[{"href":"https:\/\/www.inovelondrina.com.br\/agencia\/wp-json\/wp\/v2\/posts"}],"about":[{"href":"https:\/\/www.inovelondrina.com.br\/agencia\/wp-json\/wp\/v2\/types\/post"}],"author":[{"embeddable":true,"href":"https:\/\/www.inovelondrina.com.br\/agencia\/wp-json\/wp\/v2\/users\/110"}],"replies":[{"embeddable":true,"href":"https:\/\/www.inovelondrina.com.br\/agencia\/wp-json\/wp\/v2\/comments?post=6990"}],"version-history":[{"count":0,"href":"https:\/\/www.inovelondrina.com.br\/agencia\/wp-json\/wp\/v2\/posts\/6990\/revisions"}],"wp:featuredmedia":[{"embeddable":true,"href":"https:\/\/www.inovelondrina.com.br\/agencia\/wp-json\/wp\/v2\/media\/6991"}],"wp:attachment":[{"href":"https:\/\/www.inovelondrina.com.br\/agencia\/wp-json\/wp\/v2\/media?parent=6990"}],"wp:term":[{"taxonomy":"category","embeddable":true,"href":"https:\/\/www.inovelondrina.com.br\/agencia\/wp-json\/wp\/v2\/categories?post=6990"},{"taxonomy":"post_tag","embeddable":true,"href":"https:\/\/www.inovelondrina.com.br\/agencia\/wp-json\/wp\/v2\/tags?post=6990"}],"curies":[{"name":"wp","href":"https:\/\/api.w.org\/{rel}","templated":true}]}}