{"id":6979,"date":"2019-12-17T23:36:43","date_gmt":"2019-12-18T02:36:43","guid":{"rendered":"https:\/\/www.inovelondrina.com.br\/agencia\/?p=6979"},"modified":"2020-01-09T23:40:42","modified_gmt":"2020-01-10T02:40:42","slug":"parana-vai-expandir-producao-do-fio-da-seda","status":"publish","type":"post","link":"https:\/\/www.inovelondrina.com.br\/agencia\/parana-vai-expandir-producao-do-fio-da-seda\/","title":{"rendered":"Paran\u00e1 vai expandir produ\u00e7\u00e3o do fio da seda"},"content":{"rendered":"<h2 class=\"subtitle2\">Secretaria da Agricultura vai estimular o crescimento da produ\u00e7\u00e3o de seda com possibilidade de expandir a atividade em pelo menos 20%. O projeto pode incluir a entrada de 500 novas fam\u00edlias de produtores, prioritariamente de munic\u00edpios de baixo \u00cdndice de Desenvolvimento Humano (IDH).<\/h2>\n<p>A Secretaria de Estado da Agricultura e Abastecimento vai estimular o crescimento da produ\u00e7\u00e3o de seda no Paran\u00e1, com possibilidade de expandir a atividade em pelo menos 20%. O projeto pode incluir a entrada de 500 novas fam\u00edlias de produtores, prioritariamente de munic\u00edpios de baixo \u00cdndice de Desenvolvimento Humano (IDH).<\/p>\n<p>O secret\u00e1rio Norberto Ortigara disse que o projeto atende a uma determina\u00e7\u00e3o do governador Carlos Massa Ratinho J\u00fanior, ap\u00f3s sua participa\u00e7\u00e3o, durante o m\u00eas de novembro, do Festival da Seda realizado em Lyon, na Fran\u00e7a, onde a seda paranaense foi considerada a melhor do mundo. Ortigara reuniu na segunda-feira (16) os representantes da cadeia produtiva da seda, em seu gabinete, para discutir expans\u00e3o da atividade.<\/p>\n<p>Ele afirmou que o projeto de expans\u00e3o da seda se enquadra nas prioridades do Governo do Estado em estimular a gera\u00e7\u00e3o de renda a partir da pequena propriedade familiar. Atualmente h\u00e1 dois gargalos para esse crescimento que \u00e9 a produ\u00e7\u00e3o de mudas e a amplia\u00e7\u00e3o da mecaniza\u00e7\u00e3o da atividade.<\/p>\n<p>Na reuni\u00e3o com produtores foi discutida a organiza\u00e7\u00e3o de um projeto de produ\u00e7\u00e3o de mudas de amoreira, planta que alimenta as larvas do bicho da seda, que produzem o fio. Para sustentar esse crescimento a demanda prevista \u00e9 para cerca de 80 hectares com produ\u00e7\u00e3o de mudas.<\/p>\n<p>Outro entrave est\u00e1 na amplia\u00e7\u00e3o da mecaniza\u00e7\u00e3o para o produtor chegar ao n\u00edvel do que \u00e9 praticado hoje numa propriedade de refer\u00eancia, disse a representante da Associa\u00e7\u00e3o Brasileira da Seda (Abraseda), Renata Amano. Segundo ela, a mecaniza\u00e7\u00e3o \u00e9 fundamental para ser competitivo e produzir uma seda de qualidade.<\/p>\n<p>FINANCIAMENTO E CAPACITA\u00c7\u00c3O &#8211; \u201cPrecisamos de parceiros para produzir mudas de amoreira de qualidade\u201d, disse Ortigara. \u201cCom a entrada do Banco do Agricultor em opera\u00e7\u00e3o, nos pr\u00f3ximos meses, podemos ajudar o setor com financiamentos a juros mais baratos que o Pronaf (Programa Nacional de Fortalecimento da Agricultura Familiar) e tamb\u00e9m temos recursos j\u00e1 aprovados pela Assembleia Legislativa para fortalecer algumas atividades da agricultura familiar e a seda \u00e9 uma delas\u201d, acrescentou. Mas antes disso, \u00e9 necess\u00e1rio ter clareza de como faremos para estimular a introdu\u00e7\u00e3o de novas fam\u00edlias na produ\u00e7\u00e3o de seda do Estado, frisou Ortigara.<\/p>\n<p>O presidente da C\u00e2mara T\u00e9cnica da Seda, Oswaldo de P\u00e1dua, defendeu a inclus\u00e3o da seda como prioridade de Governo, pela sua import\u00e2ncia social, econ\u00f4mica e ambiental. \u201cO apelo que a atividade agrega de cuidar do meio ambiente \u00e9 muito forte, o que nos favorece na busca de financiamentos internacionais\u201d, destacou.<\/p>\n<p>A Emater dever\u00e1 colocar, ao menos, 15 unidades de refer\u00eancia a mais para ampliar a capacita\u00e7\u00e3o de produtores, principalmente nas regi\u00f5es Norte, Noroeste e Vale da Ribeira, que devem entrar no mapa da produ\u00e7\u00e3o. Atualmente a institui\u00e7\u00e3o trabalha com 25 unidades de refer\u00eancia.<\/p>\n<p>Segundo o presidente da Emater, Natalino Avance de Souza, o produtor vai receber treinamento t\u00e9cnico necess\u00e1rio nessas unidades de refer\u00eancia.<\/p>\n<p>PRODU\u00c7\u00c3O &#8211; O Paran\u00e1 \u00e9 o maior produtor de fio de seda do Pa\u00eds, respons\u00e1vel por 84% da produ\u00e7\u00e3o nacional com um volume anual de 2.533 toneladas de casulos verdes. A produ\u00e7\u00e3o brasileira \u00e9 de 3.008 toneladas de casulos na safra 2018\/19. Os fios de seda brasileiros s\u00e3o da mais alta qualidade, motivo pelo qual s\u00e3o procurados por ind\u00fastrias de fia\u00e7\u00e3o da Europa e da \u00c1sia.<\/p>\n<p>No Paran\u00e1, s\u00e3o mais de 4 mil hectares plantados com amoreiras, com cerca de 2.310 fam\u00edlias na atividade, que est\u00e1 presente em 174 munic\u00edpios. Estima-se que o setor gere 8 mil empregos diretos e indiretos.<\/p>\n<p><a href=\"https:\/\/www.aen.pr.gov.br\/modules\/noticias\/article.php?storyid=105109&amp;tit=Parana-vai-expandir-producao-do-fio-da-seda\">fonte<\/a><\/p>\n","protected":false},"excerpt":{"rendered":"<p>Secretaria da Agricultura vai estimular o crescimento da produ\u00e7\u00e3o de seda com possibilidade de expandir a atividade em pelo menos 20%. O projeto pode incluir a<span class=\"excerpt-hellip\"> [?]<\/span><\/p>\n","protected":false},"author":110,"featured_media":4904,"comment_status":"closed","ping_status":"open","sticky":false,"template":"","format":"standard","meta":{"_joinchat":[],"footnotes":""},"categories":[159,224],"tags":[],"class_list":["post-6979","post","type-post","status-publish","format-standard","has-post-thumbnail","hentry","category-clientes","category-fiacao-de-seda-bratac"],"_links":{"self":[{"href":"https:\/\/www.inovelondrina.com.br\/agencia\/wp-json\/wp\/v2\/posts\/6979","targetHints":{"allow":["GET"]}}],"collection":[{"href":"https:\/\/www.inovelondrina.com.br\/agencia\/wp-json\/wp\/v2\/posts"}],"about":[{"href":"https:\/\/www.inovelondrina.com.br\/agencia\/wp-json\/wp\/v2\/types\/post"}],"author":[{"embeddable":true,"href":"https:\/\/www.inovelondrina.com.br\/agencia\/wp-json\/wp\/v2\/users\/110"}],"replies":[{"embeddable":true,"href":"https:\/\/www.inovelondrina.com.br\/agencia\/wp-json\/wp\/v2\/comments?post=6979"}],"version-history":[{"count":0,"href":"https:\/\/www.inovelondrina.com.br\/agencia\/wp-json\/wp\/v2\/posts\/6979\/revisions"}],"wp:featuredmedia":[{"embeddable":true,"href":"https:\/\/www.inovelondrina.com.br\/agencia\/wp-json\/wp\/v2\/media\/4904"}],"wp:attachment":[{"href":"https:\/\/www.inovelondrina.com.br\/agencia\/wp-json\/wp\/v2\/media?parent=6979"}],"wp:term":[{"taxonomy":"category","embeddable":true,"href":"https:\/\/www.inovelondrina.com.br\/agencia\/wp-json\/wp\/v2\/categories?post=6979"},{"taxonomy":"post_tag","embeddable":true,"href":"https:\/\/www.inovelondrina.com.br\/agencia\/wp-json\/wp\/v2\/tags?post=6979"}],"curies":[{"name":"wp","href":"https:\/\/api.w.org\/{rel}","templated":true}]}}