{"id":6971,"date":"2019-12-03T00:44:09","date_gmt":"2019-12-03T03:44:09","guid":{"rendered":"https:\/\/www.inovelondrina.com.br\/agencia\/?p=6971"},"modified":"2019-12-06T00:49:16","modified_gmt":"2019-12-06T03:49:16","slug":"estados-brasileiros-ingressam-em-rede-internacional-de-fortalecimento-da-seda","status":"publish","type":"post","link":"https:\/\/www.inovelondrina.com.br\/agencia\/estados-brasileiros-ingressam-em-rede-internacional-de-fortalecimento-da-seda\/","title":{"rendered":"Estados brasileiros ingressam em rede internacional de fortalecimento da seda"},"content":{"rendered":"<p>O Brasil marcou presen\u00e7a no Festival Silk in Lyon, na Fran\u00e7a, que aconteceu em novembro. Desta vez, com uma representatividade bem intensa. Os Estados de S\u00e3o Paulo e Paran\u00e1 assinaram um protocolo para ingressar na Rede Internacional de Cidades da Seda e Regi\u00f5es Metropolitanas, que vai explorar munic\u00edpios em torno desse tipo de fio como atra\u00e7\u00e3o de neg\u00f3cios e desenvolvimento econ\u00f4mico.<\/p>\n<p>Cerca de 80% desta fibra \u00e9 produzida na China. Entretanto, o Brasil \u00e9 o 5\u00ba maior player mundial, com apenas tr\u00eas estados produtores de fio de seda: Paran\u00e1, S\u00e3o Paulo e Mato Grosso do Sul, de acordo com a Abraseda.<\/p>\n<p>A assinatura da iniciativa \u00e9 da Lyon Metr\u00f3pole em parceria com a Unitex e Intersoie. A a\u00e7\u00e3o deve implementar o interc\u00e2mbio comercial, de pesquisa e tamb\u00e9m cultural para impulsionar os polos produtores do artigo.<\/p>\n<p>Estiveram na ocasi\u00e3o da assinatura, o Governador do Paran\u00e1, Carlos Massa Ratinho Junior, o secret\u00e1rio de Agricultura e do Abastecimento paranaense, Norberto Ortigara, o presidente da C\u00e2mara Setorial da Seda de S\u00e3o Paulo, Wilian Aita, Olivier Costa, c\u00f4nsul honor\u00e1rio em Lyon, Renata Amano, da Abraseda, e o presidente da Bratac, Shiguero Taniguti Junior.<\/p>\n<p>O convite foi feito pela Herm\u00e8s e pela Bratac,\u00a0\u00fanica ind\u00fastria de fios de seda do Brasil e do ocidente,\u00a0com sede\u00a0em Londrina (PR) e unidade em Bastos (SP).<\/p>\n<p>Tamb\u00e9m assinaram o pacto China, Jap\u00e3o, Uzbequist\u00e3o, Espanha, It\u00e1lia e Fran\u00e7a.<\/p>\n<p><img loading=\"lazy\" decoding=\"async\" src=\"https:\/\/www.abit.org.br\/uploads\/imagens\/e5b7f93d-7a82-47a6-993f-e60f72467ae0.jpg\" alt=\"\" width=\"620\" height=\"413\" \/><\/p>\n<p><em>Shigueru Taniguti J\u00fanior (Bratac),\u00a0Xavier Lepingle (Presidente da Holding Textile Herm\u00e8s e Presidente da Intersoie, Associa\u00e7\u00e3o Nacional da Seda na Fran\u00e7a), Governador Ratinho Junior e Renata Amano (Abraseda)\u00a0<\/em><\/p>\n<p>&nbsp;<\/p>\n<p><strong>REDE\u00a0<\/strong>&#8211;\u00a0A Rede Internacional de Cidades da Seda e Regi\u00f5es Metropolitanas pretende explorar o potencial dos munic\u00edpios e dos produtores em torno da seda, principalmente para atra\u00e7\u00e3o de neg\u00f3cios e desenvolvimento econ\u00f4mico. O objetivo \u00e9 fazer da fibra uma propulsora de oportunidades para aumentar o interc\u00e2mbio entre os pa\u00edses e a gera\u00e7\u00e3o de renda.<\/p>\n<p>A rede pressup\u00f5e pontes entre os pa\u00edses para tornar a fibra indutora de inova\u00e7\u00e3o e pesquisa para o agroneg\u00f3cio, produtos t\u00eaxteis, dermatol\u00f3gicos e cir\u00fargicos, al\u00e9m dela ser a base de um setor-chave das ind\u00fastrias cultural e criativa de moda e design. Entre as medidas a serem adotadas em conjunto est\u00e1 a prote\u00e7\u00e3o da seda e de seus produtores como condutores de conhecimentos hist\u00f3ricos, habilidades comerciais e conserva\u00e7\u00e3o do patrim\u00f4nio.<\/p>\n<p>Durante o Festival da Seda de Lyon tamb\u00e9m foram projetadas a\u00e7\u00f5es para refor\u00e7ar os neg\u00f3cios e as rela\u00e7\u00f5es com artistas, artes\u00e3os, pesquisadores e industriais das \u00e1reas produtoras para promover enriquecimento m\u00fatuo. O evento\u00a0contou com programa\u00e7\u00e3o t\u00e9cnica sobre a valoriza\u00e7\u00e3o desse mercado.<\/p>\n<p><a href=\"https:\/\/www.abit.org.br\/noticias\/estados-brasileiros-ingressam-em-rede-internacional-de-fortalecimento-da-seda\">fonte<\/a><\/p>\n","protected":false},"excerpt":{"rendered":"<p>O Brasil marcou presen\u00e7a no Festival Silk in Lyon, na Fran\u00e7a, que aconteceu em novembro. Desta vez, com uma representatividade bem intensa. Os Estados de S\u00e3o<span class=\"excerpt-hellip\"> [?]<\/span><\/p>\n","protected":false},"author":110,"featured_media":0,"comment_status":"closed","ping_status":"open","sticky":false,"template":"","format":"standard","meta":{"_joinchat":[],"footnotes":""},"categories":[159,224],"tags":[],"class_list":["post-6971","post","type-post","status-publish","format-standard","hentry","category-clientes","category-fiacao-de-seda-bratac"],"_links":{"self":[{"href":"https:\/\/www.inovelondrina.com.br\/agencia\/wp-json\/wp\/v2\/posts\/6971","targetHints":{"allow":["GET"]}}],"collection":[{"href":"https:\/\/www.inovelondrina.com.br\/agencia\/wp-json\/wp\/v2\/posts"}],"about":[{"href":"https:\/\/www.inovelondrina.com.br\/agencia\/wp-json\/wp\/v2\/types\/post"}],"author":[{"embeddable":true,"href":"https:\/\/www.inovelondrina.com.br\/agencia\/wp-json\/wp\/v2\/users\/110"}],"replies":[{"embeddable":true,"href":"https:\/\/www.inovelondrina.com.br\/agencia\/wp-json\/wp\/v2\/comments?post=6971"}],"version-history":[{"count":0,"href":"https:\/\/www.inovelondrina.com.br\/agencia\/wp-json\/wp\/v2\/posts\/6971\/revisions"}],"wp:attachment":[{"href":"https:\/\/www.inovelondrina.com.br\/agencia\/wp-json\/wp\/v2\/media?parent=6971"}],"wp:term":[{"taxonomy":"category","embeddable":true,"href":"https:\/\/www.inovelondrina.com.br\/agencia\/wp-json\/wp\/v2\/categories?post=6971"},{"taxonomy":"post_tag","embeddable":true,"href":"https:\/\/www.inovelondrina.com.br\/agencia\/wp-json\/wp\/v2\/tags?post=6971"}],"curies":[{"name":"wp","href":"https:\/\/api.w.org\/{rel}","templated":true}]}}