{"id":6814,"date":"2019-09-13T06:27:10","date_gmt":"2019-09-13T09:27:10","guid":{"rendered":"https:\/\/www.inovelondrina.com.br\/agencia\/?p=6814"},"modified":"2019-10-02T06:30:00","modified_gmt":"2019-10-02T09:30:00","slug":"secretario-de-agricultura-recebe-programa-de-desenvolvimento-da-sericicultura-no-parana-para-os-proximos-10-anos-2","status":"publish","type":"post","link":"https:\/\/www.inovelondrina.com.br\/agencia\/secretario-de-agricultura-recebe-programa-de-desenvolvimento-da-sericicultura-no-parana-para-os-proximos-10-anos-2\/","title":{"rendered":"Secret\u00e1rio de agricultura recebe Programa de Desenvolvimento da Sericicultura no Paran\u00e1 para os pr\u00f3ximos 10 anos"},"content":{"rendered":"<p class=\"m_-8326830690627597322gmail-MsoNoSpacing\">O secret\u00e1rio da Agricultura e Abastecimento, Norberto Ortigara, recebeu um documento que apresenta propostas para o desenvolvimento da produ\u00e7\u00e3o do bicho-da-seda no Paran\u00e1 para os pr\u00f3ximos dez anos.<\/p>\n<p class=\"m_-8326830690627597322gmail-MsoNoSpacing\">O documento, elaborado pela C\u00e2mara T\u00e9cnica do Complexo da Seda do Estado do Paran\u00e1 (CTCS) e pelo Conselho Estadual de Desenvolvimento Rural e Agricultura Familiar (CEDRAF), foi entregue pela presidente da Associa\u00e7\u00e3o Brasileira da Seda e diretora executiva da Fia\u00e7\u00e3o de Seda Bratac, Renata Amano, junto com o deputado Tiago Amaral e o coordenador de sericicultura da Emater, Oswaldo P\u00e1dua, e\u00a0a engenheira agr\u00f4noma do Departamento de Economia Rural da Seab, Gianna Maria Cirio.<\/p>\n<p class=\"m_-8326830690627597322gmail-MsoNoSpacing\">No Programa de Desenvolvimento da Sericicultura Paranaense est\u00e3o listadas diversas propostas para o avan\u00e7o da produ\u00e7\u00e3o da sericicultura no estado at\u00e9 2030, como o desenvolvimento de variedades de amoreiras, produ\u00e7\u00e3o de mudas, desenvolvimento de novas m\u00e1quinas e equipamentos para a produ\u00e7\u00e3o em larga escala, capacita\u00e7\u00e3o tecnica, inova\u00e7\u00e3o tecnol\u00f3gica e linha de financiamento.<\/p>\n<p class=\"m_-8326830690627597322gmail-MsoNoSpacing\">Renata Amano, diretora executiva da Bratac, afirmou a necessidade de evoluir em todas as \u00e1reas da sericicultura no Paran\u00e1, que hoje \u00e9 o maior produtor nacional de casulos de bicho-da-seda. Segundo ela, &#8220;esse \u00e9 o momento de atualizar esse profissionais do campo, aumentar a produtividade partindo do investimento em novas tecnologias, na especializa\u00e7\u00e3o dos produtores rurais. Mostrar que a produ\u00e7\u00e3o da seda \u00e9 rent\u00e1vel e fortalece a agroind\u00fastria nessa \u00e1rea&#8221;, afirmou.<\/p>\n<p class=\"m_-8326830690627597322gmail-MsoNoSpacing\">O Paran\u00e1 \u00e9 o maior produtor de fio de seda no Pa\u00eds, sendo respons\u00e1vel por 84% do volume nacional.\u00a0H\u00e1 duas mil fam\u00edlias envolvidas na atividade em 187 munic\u00edpios, a maioria est\u00e1 concentrada nas regi\u00f5es norte e noroeste. O diferencial do fio paranaense \u00e9 sua elevada qualidade e por isso \u00e9 disputado pelas tecelagens mais exigentes do mundo, representando um volume de exporta\u00e7\u00f5es que supera US$ 30 milh\u00f5es por ano.\u00a0 No entanto, o volume de produ\u00e7\u00e3o atual \u00e9 insuficiente para suprir a demanda do mercado internacional, que busca cada vez mais o fio de seda paranaense de alta qualidade.\u00a0Toda a produ\u00e7\u00e3o \u00e9 processada pela Bratac, sediada em Londrina,\u00a0\u00fanica do hemisf\u00e9rio ocidental.<\/p>\n<p>&nbsp;<\/p>\n","protected":false},"excerpt":{"rendered":"<p>O secret\u00e1rio da Agricultura e Abastecimento, Norberto Ortigara, recebeu um documento que apresenta propostas para o desenvolvimento da produ\u00e7\u00e3o do bicho-da-seda no Paran\u00e1 para os pr\u00f3ximos<span class=\"excerpt-hellip\"> [?]<\/span><\/p>\n","protected":false},"author":110,"featured_media":6815,"comment_status":"closed","ping_status":"open","sticky":false,"template":"","format":"standard","meta":{"_joinchat":[],"footnotes":""},"categories":[224],"tags":[],"class_list":["post-6814","post","type-post","status-publish","format-standard","has-post-thumbnail","hentry","category-fiacao-de-seda-bratac"],"_links":{"self":[{"href":"https:\/\/www.inovelondrina.com.br\/agencia\/wp-json\/wp\/v2\/posts\/6814","targetHints":{"allow":["GET"]}}],"collection":[{"href":"https:\/\/www.inovelondrina.com.br\/agencia\/wp-json\/wp\/v2\/posts"}],"about":[{"href":"https:\/\/www.inovelondrina.com.br\/agencia\/wp-json\/wp\/v2\/types\/post"}],"author":[{"embeddable":true,"href":"https:\/\/www.inovelondrina.com.br\/agencia\/wp-json\/wp\/v2\/users\/110"}],"replies":[{"embeddable":true,"href":"https:\/\/www.inovelondrina.com.br\/agencia\/wp-json\/wp\/v2\/comments?post=6814"}],"version-history":[{"count":0,"href":"https:\/\/www.inovelondrina.com.br\/agencia\/wp-json\/wp\/v2\/posts\/6814\/revisions"}],"wp:featuredmedia":[{"embeddable":true,"href":"https:\/\/www.inovelondrina.com.br\/agencia\/wp-json\/wp\/v2\/media\/6815"}],"wp:attachment":[{"href":"https:\/\/www.inovelondrina.com.br\/agencia\/wp-json\/wp\/v2\/media?parent=6814"}],"wp:term":[{"taxonomy":"category","embeddable":true,"href":"https:\/\/www.inovelondrina.com.br\/agencia\/wp-json\/wp\/v2\/categories?post=6814"},{"taxonomy":"post_tag","embeddable":true,"href":"https:\/\/www.inovelondrina.com.br\/agencia\/wp-json\/wp\/v2\/tags?post=6814"}],"curies":[{"name":"wp","href":"https:\/\/api.w.org\/{rel}","templated":true}]}}