{"id":6669,"date":"2019-07-23T20:54:08","date_gmt":"2019-07-23T23:54:08","guid":{"rendered":"https:\/\/www.inovelondrina.com.br\/agencia\/?p=6669"},"modified":"2019-08-15T21:05:06","modified_gmt":"2019-08-16T00:05:06","slug":"iretama-recebe-o-36o-encontro-estadual-de-sericicultura","status":"publish","type":"post","link":"https:\/\/www.inovelondrina.com.br\/agencia\/iretama-recebe-o-36o-encontro-estadual-de-sericicultura\/","title":{"rendered":"Iretama recebe o 36\u00ba encontro estadual de sericicultura"},"content":{"rendered":"<p>Casulos: as cria\u00e7\u00f5es de bichos da seda s\u00e3o feitas por 2,5 mil fam\u00edlias no Pa\u00eds. Elas alimentam as larvas e cuidam para que os fios tenham qualidade<\/p>\n<p>A cidade de Iretama, localizada na regi\u00e3o Centro Ocidental do Paran\u00e1, ser\u00e1 sede do 36\u00ba Encontro Estadual de Sericicultura que pretende reunir mais de 1500 participantes de v\u00e1rias regi\u00f5es produtoras, onde participam de diversas palestras do setor, entre elas, informa\u00e7\u00f5es de novas tecnologias , pesquisas cient\u00edficas e acad\u00eamicas bem como panorama do mercado da seda.\u00a0De acordo com a Secretaria Municipal de Agricultura de Iretama, mais de 50 fam\u00edlias vivem da cria\u00e7\u00e3o do bicho no\u00a0munic\u00edpio.<\/p>\n<p>Em todo o pa\u00eds, s\u00e3o\u00a02,5\u00a0mil fam\u00edlias sericicultoras\u00a0distribu\u00eddas\u00a0entre os estado<u>s<\/u>\u00a0do Paran\u00e1, S\u00e3o Paulo e Mato Grosso\u00a0do Sul. Esse n\u00famero de criadores pode aumentar, considerando que a pr\u00e1tica vem se mostrando extremamente lucrativa.<\/p>\n<p>A produ\u00e7\u00e3o, al\u00e9m de ser sustent\u00e1vel e n\u00e3o usar agrot\u00f3xicos, tamb\u00e9m\u00a0 gera\u00a0renda\u00a0\u00a0por at\u00e9\u00a0dez meses, j\u00e1 que a entressafra vai s\u00f3 do fim de junho a agosto. A renda bruta por\u00a0hectare\/safra varia entre R$20.000 a R$ 25.000.<\/p>\n<p>Os fios de seda produzidos no Paran\u00e1, na ind\u00fastria\u00a0<b><u>Fia\u00e7\u00e3o de Seda<\/u><\/b>\u00a0Bratac, com sede em Londrina,\u00a0e uma segunda unidade em Bastos, interior de S\u00e3o Paulo, abastecem as tecelagens de<u>\u00a0<\/u>pa\u00edses\u00a0 importantes como Jap\u00e3o, Cor\u00e9ia do Sul, Fran\u00e7a, It\u00e1lia\u00a0<u>e outros<\/u>. O diferencial do fio<u>\u00a0<\/u>de seda brasileiro\u00a0 \u00e9 sua elevada qualidade e por isso \u00e9 muito valorizado por mercados exigentes e grifes de alto luxo.\u00a0 Mais de 95% da produ\u00e7\u00e3o de casulos \u00e9 considerada de primeira qualidade.<\/p>\n<p>Na \u00faltima safra de 2018, o Brasil produziu mais de tr\u00eas milh\u00f5es de toneladas de casulos. Toda essa produ\u00e7\u00e3o foi feita com apoio e assist\u00eancia da Fia\u00e7\u00e3o Bratac, que \u00e9 a \u00fanica fia\u00e7\u00e3o de seda do ocidente.<\/p>\n<p>O 36\u00ba Encontro Estadual de Sericicultura ser\u00e1 realizado no dia 25 de julho, a partir das 9 horas, no gin\u00e1sio situado na Rua Otaviano F\u00e9lix, S\/N<\/p>\n","protected":false},"excerpt":{"rendered":"<p>Casulos: as cria\u00e7\u00f5es de bichos da seda s\u00e3o feitas por 2,5 mil fam\u00edlias no Pa\u00eds. Elas alimentam as larvas e cuidam para que os fios tenham<span class=\"excerpt-hellip\"> [?]<\/span><\/p>\n","protected":false},"author":110,"featured_media":6670,"comment_status":"closed","ping_status":"open","sticky":false,"template":"","format":"standard","meta":{"_joinchat":[],"footnotes":""},"categories":[224],"tags":[],"class_list":["post-6669","post","type-post","status-publish","format-standard","has-post-thumbnail","hentry","category-fiacao-de-seda-bratac"],"_links":{"self":[{"href":"https:\/\/www.inovelondrina.com.br\/agencia\/wp-json\/wp\/v2\/posts\/6669","targetHints":{"allow":["GET"]}}],"collection":[{"href":"https:\/\/www.inovelondrina.com.br\/agencia\/wp-json\/wp\/v2\/posts"}],"about":[{"href":"https:\/\/www.inovelondrina.com.br\/agencia\/wp-json\/wp\/v2\/types\/post"}],"author":[{"embeddable":true,"href":"https:\/\/www.inovelondrina.com.br\/agencia\/wp-json\/wp\/v2\/users\/110"}],"replies":[{"embeddable":true,"href":"https:\/\/www.inovelondrina.com.br\/agencia\/wp-json\/wp\/v2\/comments?post=6669"}],"version-history":[{"count":0,"href":"https:\/\/www.inovelondrina.com.br\/agencia\/wp-json\/wp\/v2\/posts\/6669\/revisions"}],"wp:featuredmedia":[{"embeddable":true,"href":"https:\/\/www.inovelondrina.com.br\/agencia\/wp-json\/wp\/v2\/media\/6670"}],"wp:attachment":[{"href":"https:\/\/www.inovelondrina.com.br\/agencia\/wp-json\/wp\/v2\/media?parent=6669"}],"wp:term":[{"taxonomy":"category","embeddable":true,"href":"https:\/\/www.inovelondrina.com.br\/agencia\/wp-json\/wp\/v2\/categories?post=6669"},{"taxonomy":"post_tag","embeddable":true,"href":"https:\/\/www.inovelondrina.com.br\/agencia\/wp-json\/wp\/v2\/tags?post=6669"}],"curies":[{"name":"wp","href":"https:\/\/api.w.org\/{rel}","templated":true}]}}