{"id":16915,"date":"2023-10-23T14:58:23","date_gmt":"2023-10-23T17:58:23","guid":{"rendered":"https:\/\/www.inovelondrina.com.br\/agencia\/?p=16915"},"modified":"2024-05-25T15:00:53","modified_gmt":"2024-05-25T18:00:53","slug":"adapar-realiza-operacao-agro-em-nova-esperanca-para-prevenir-deriva","status":"publish","type":"post","link":"https:\/\/www.inovelondrina.com.br\/agencia\/adapar-realiza-operacao-agro-em-nova-esperanca-para-prevenir-deriva\/","title":{"rendered":"Adapar realiza Opera\u00e7\u00e3o Agro + em Nova Esperan\u00e7a para prevenir deriva"},"content":{"rendered":"<p class=\"legenda fc-preto ff-opensans fw-black col-xs-12 no-padding\">Fiscaliza\u00e7\u00e3o<\/p>\n<h4 class=\"titulo padrao-titulo fw-black col-xs-12 no-padding\">Adapar realiza Opera\u00e7\u00e3o Agro + em Nova Esperan\u00e7a para prevenir deriva<\/h4>\n<p>&nbsp;<\/p>\n<section class=\"partial_noticia header_foto margin-v-20 col-xs-12 no-padding\"><img decoding=\"async\" class=\"img-responsive col-xs-12 no-padding\" src=\"https:\/\/cbnmaringa.com.br\/uploads_lg\/017daa5af6c5cffc49ed920ed7c55a5a.jpg\" alt=\"Adapar realiza Opera\u00e7\u00e3o Agro + em Nova Esperan\u00e7a para prevenir deriva\" \/><\/p>\n<div class=\"col-xs-12 texto-center bg-cinza2 texto-credito\">Foto: Sandra Andrade Manieri.<\/div>\n<\/section>\n<section class=\"partial_noticia titulo col-xs-12 no-padding\">\n<p class=\"legenda fc-preto ff-opensans fw-black col-xs-12 no-padding\">Fiscaliza\u00e7\u00e3o<\/p>\n<h1 class=\"titulo padrao-titulo fw-black col-xs-12 no-padding\">Adapar realiza Opera\u00e7\u00e3o Agro + em Nova Esperan\u00e7a para prevenir deriva<\/h1>\n<p><span class=\"autor fc-cinza3 ff-opensans col-xs-12 no-padding\"><span class=\"editoria-label\">Meio Ambiente<\/span>\u00a0por\u00a0<strong>Luciana Pe\u00f1a<\/strong>\u00a0em 23\/10\/2023 &#8211; 16:56<\/span><\/section>\n<div class=\"col-xs-12 no-padding\">\n<div class=\"addthis_inline_share_toolbox\"><\/div>\n<\/div>\n<p><a href=\"https:\/\/www.cbnmaringa.com.br\/noticia\/produtores-de-bicho-da-seda-fazem-manifesto-contra-deriva-de-agrotoxicos\">Os produtores do bicho-da-seda de Nova Esperan\u00e7a e regi\u00e3o se manifestaram nesta segunda-feira (23) pedindo mais fiscaliza\u00e7\u00e3o para evitar a deriva de agrot\u00f3xico.<\/a>\u00a0A contamina\u00e7\u00e3o causa a mortandade do bicho-da-seda. O gerente de Sanidade Vegetal da Ag\u00eancia de Defesa Agropecu\u00e1ria do Paran\u00e1 (Adapar), Renato Blood, diz que esta semana cerca de 25 fiscais da ag\u00eancia est\u00e3o em Nova Esperan\u00e7a orientando agricultores e fazendo a inspe\u00e7\u00e3o em pulverizadores. A Adapar verificou que h\u00e1 casos em que a morte do bicho-da-seda\u00a0 n\u00e3o est\u00e1 relacionada \u00e0 deriva e pode ser explicada por uma quest\u00e3o sanit\u00e1ria.<\/p>\n<p>&nbsp;<\/p>\n<p><iframe loading=\"lazy\" title=\"AO VIVO |  RENATO BLOOD  (23\/10) #NOARNACBN\" width=\"1220\" height=\"686\" src=\"https:\/\/www.youtube.com\/embed\/KjsR3uGh11w?feature=oembed\" frameborder=\"0\" allow=\"accelerometer; autoplay; clipboard-write; encrypted-media; gyroscope; picture-in-picture; web-share\" referrerpolicy=\"strict-origin-when-cross-origin\" allowfullscreen><\/iframe><\/p>\n<p>&nbsp;<\/p>\n","protected":false},"excerpt":{"rendered":"<p>Fiscaliza\u00e7\u00e3o Adapar realiza Opera\u00e7\u00e3o Agro + em Nova Esperan\u00e7a para prevenir deriva &nbsp; Foto: Sandra Andrade Manieri. Fiscaliza\u00e7\u00e3o Adapar realiza Opera\u00e7\u00e3o Agro + em Nova Esperan\u00e7a<span class=\"excerpt-hellip\"> [?]<\/span><\/p>\n","protected":false},"author":111,"featured_media":8082,"comment_status":"closed","ping_status":"open","sticky":false,"template":"","format":"standard","meta":{"_joinchat":[],"footnotes":""},"categories":[232,159,224,1],"tags":[],"class_list":["post-16915","post","type-post","status-publish","format-standard","has-post-thumbnail","hentry","category-abraseda","category-clientes","category-fiacao-de-seda-bratac","category-trabalhos-inove"],"_links":{"self":[{"href":"https:\/\/www.inovelondrina.com.br\/agencia\/wp-json\/wp\/v2\/posts\/16915","targetHints":{"allow":["GET"]}}],"collection":[{"href":"https:\/\/www.inovelondrina.com.br\/agencia\/wp-json\/wp\/v2\/posts"}],"about":[{"href":"https:\/\/www.inovelondrina.com.br\/agencia\/wp-json\/wp\/v2\/types\/post"}],"author":[{"embeddable":true,"href":"https:\/\/www.inovelondrina.com.br\/agencia\/wp-json\/wp\/v2\/users\/111"}],"replies":[{"embeddable":true,"href":"https:\/\/www.inovelondrina.com.br\/agencia\/wp-json\/wp\/v2\/comments?post=16915"}],"version-history":[{"count":1,"href":"https:\/\/www.inovelondrina.com.br\/agencia\/wp-json\/wp\/v2\/posts\/16915\/revisions"}],"predecessor-version":[{"id":16916,"href":"https:\/\/www.inovelondrina.com.br\/agencia\/wp-json\/wp\/v2\/posts\/16915\/revisions\/16916"}],"wp:featuredmedia":[{"embeddable":true,"href":"https:\/\/www.inovelondrina.com.br\/agencia\/wp-json\/wp\/v2\/media\/8082"}],"wp:attachment":[{"href":"https:\/\/www.inovelondrina.com.br\/agencia\/wp-json\/wp\/v2\/media?parent=16915"}],"wp:term":[{"taxonomy":"category","embeddable":true,"href":"https:\/\/www.inovelondrina.com.br\/agencia\/wp-json\/wp\/v2\/categories?post=16915"},{"taxonomy":"post_tag","embeddable":true,"href":"https:\/\/www.inovelondrina.com.br\/agencia\/wp-json\/wp\/v2\/tags?post=16915"}],"curies":[{"name":"wp","href":"https:\/\/api.w.org\/{rel}","templated":true}]}}