{"id":16905,"date":"2023-10-20T14:39:10","date_gmt":"2023-10-20T17:39:10","guid":{"rendered":"https:\/\/www.inovelondrina.com.br\/agencia\/?p=16905"},"modified":"2024-05-25T14:45:39","modified_gmt":"2024-05-25T17:45:39","slug":"fenomeno-afeta-producao-de-seda-e-leva-sericicultores-a-protestarem-no-parana-pedimos-fiscalizacao","status":"publish","type":"post","link":"https:\/\/www.inovelondrina.com.br\/agencia\/fenomeno-afeta-producao-de-seda-e-leva-sericicultores-a-protestarem-no-parana-pedimos-fiscalizacao\/","title":{"rendered":"Fen\u00f4meno afeta produ\u00e7\u00e3o de seda e leva sericicultores a protestarem no Paran\u00e1: &#8216;Pedimos fiscaliza\u00e7\u00e3o&#8217;"},"content":{"rendered":"<div class=\"mc-article-header\">\n<div class=\"row content-head mc-column non-featured \">\n<div class=\"title\" data-block-type=\"title\" data-block-id=\"0\">\n<h4 class=\"content-head__title\"><strong>Fen\u00f4meno afeta produ\u00e7\u00e3o de seda e leva sericicultores a protestarem no Paran\u00e1: &#8216;Pedimos fiscaliza\u00e7\u00e3o&#8217;<\/strong><\/h4>\n<\/div>\n<div class=\"medium-centered subtitle\">\n<h5 class=\"content-head__subtitle\">Sericicultores de Nova Esperan\u00e7a enfrentam preju\u00edzos. Adapar garante que h\u00e1 25 fiscais est\u00e3o na regi\u00e3o para orientar produtores e inspecionar equipamentos de aplica\u00e7\u00e3o.<\/h5>\n<\/div>\n<\/div>\n<div class=\"content__signa-share mc-column\">\n<div class=\"content__signature\">\n<div class=\"content-publication-data\">\n<div class=\"content-publication-data__text\">\n<p class=\"content-publication-data__from\" title=\"g1 PR e Caminhos do Campo\" data-mrf-recirculation=\"Autor\">Por g1 PR e Caminhos do Campo<\/p>\n<p class=\"content-publication-data__updated\">29\/10\/2023 07h02\u00a0<span class=\"content-publication-data__updated-relative\">\u00a0Atualizado\u00a0h\u00e1 6 meses<\/span><\/p>\n<\/div>\n<\/div>\n<\/div>\n<\/div>\n<div class=\"glb-share-bar\">\n<div class=\"glb-share-bar_icons\"><\/div>\n<\/div>\n<\/div>\n<div class=\"mc-article-body\">\n<article>\n<div id=\"chunk-7apn3\">\n<div class=\"bs-video-block mc-column   content-media content-video\" data-block-type=\"backstage-video\" data-block-id=\"1\">\n<div class=\"content-media__container\">\n<div class=\"content-video__bigger-player-description-fixer\">\n<article class=\"content-video\" data-ts-view=\"1716658819965\">\n<section class=\"content-video__video-container\">\n<div class=\"content-video__video\">\n<div id=\"wp3-player-1\" class=\"clappr-player\" data-player=\"\">\n<div class=\"media-control media-control-hide h720 w960\">\n<div class=\"media-control-panel\">\n<div class=\"media-control-panel__modal\">Produ\u00e7\u00e3o de seda afetada pela deriva<\/div>\n<\/div>\n<\/div>\n<\/div>\n<\/div>\n<\/section>\n<\/article>\n<\/div>\n<\/div>\n<\/div>\n<\/div>\n<div id=\"chunk-1pkq5\">\n<div class=\"mc-column content-text active-extra-styles \" data-block-type=\"unstyled\" data-block-weight=\"29\" data-block-id=\"2\">\n<p class=\" content-text__container \" data-track-category=\"Link no Texto\" data-track-links=\"\" data-mrf-recirculation=\"Article links\">Mais de 300 sericicultores do Paran\u00e1 enfrentam atualmente os reflexos da deriva, fen\u00f4meno que ocorre quando um agrot\u00f3xico aplicado em lavouras pr\u00f3ximas \u00e9 levado pelo vento e atinge planta\u00e7\u00f5es.<\/p>\n<\/div>\n<\/div>\n<div class=\"wall protected-content\">\n<div id=\"chunk-6op9e\">\n<div class=\"mc-column content-text active-extra-styles \" data-block-type=\"unstyled\" data-block-weight=\"30\" data-block-id=\"4\">\n<p class=\" content-text__container \" data-track-category=\"Link no Texto\" data-track-links=\"\" data-mrf-recirculation=\"Article links\">Causando preju\u00edzos, sericultores protestaram nesta semana pelas ruas de Nova Esperan\u00e7a, a capital paranaense da seda. Cartazes pediam por fiscaliza\u00e7\u00f5es mais rigorosas em rela\u00e7\u00e3o ao uso de defensivos na regi\u00e3o.<\/p>\n<\/div>\n<\/div>\n<div id=\"chunk-cg0vn\">\n<div class=\"mc-column content-text active-extra-styles\" data-block-type=\"raw\" data-block-weight=\"18\" data-block-id=\"5\"><\/div>\n<\/div>\n<div id=\"chunk-24btm\">\n<div class=\"mc-column content-text active-extra-styles\" data-block-type=\"raw\" data-block-weight=\"48\" data-block-id=\"6\">\n<blockquote class=\"content-blockquote theme-border-color-primary-before\"><p>\u201cA gente est\u00e1 cobrando para as pessoas terem mais consci\u00eancia. N\u00e3o \u00e9 parar, \u00e9 ter consci\u00eancia do que est\u00e3o fazendo. N\u00e3o passar veneno com vento, ver os bicos que ser\u00e3o usados, n\u00e3o passar com avi\u00e3o. \u00c9 isso que a gente quer\u201d, declara a sericicultora Loeli da Silva Gomes.<\/p><\/blockquote>\n<blockquote>\n<div id=\"chunk-302fp\">\n<div class=\"mc-column content-text active-extra-styles\" data-block-type=\"raw\" data-block-weight=\"2\" data-block-id=\"9\">\n<div class=\"content-intertitle\">\n<h2>Mais fiscaliza\u00e7\u00e3o<\/h2>\n<\/div>\n<p>&nbsp;<\/p>\n<\/div>\n<\/div>\n<div id=\"chunk-952a2\">\n<div class=\"mc-column content-text active-extra-styles \" data-block-type=\"unstyled\" data-block-weight=\"33\" data-block-id=\"10\">\n<p class=\" content-text__container \" data-track-category=\"Link no Texto\" data-track-links=\"\" data-mrf-recirculation=\"Article links\">Em Nova Esperan\u00e7a, uma lei pro\u00edbe o uso de avi\u00f5es ou helic\u00f3pteros para a pulveriza\u00e7\u00e3o de agrot\u00f3xicos e exige que o produtor tenha uma autoriza\u00e7\u00e3o pr\u00e9via do munic\u00edpio para realizar o trabalho.<\/p>\n<\/div>\n<\/div>\n<div id=\"chunk-81cs9\">\n<div class=\"mc-column content-text active-extra-styles \" data-block-type=\"unstyled\" data-block-weight=\"18\" data-block-id=\"11\">\n<p class=\" content-text__container \" data-track-category=\"Link no Texto\" data-track-links=\"\" data-mrf-recirculation=\"Article links\">De acordo com a presidente da associa\u00e7\u00e3o de produtores, Sandra Maria Andrade, den\u00fancias foram feitas, mas sem retorno.<\/p>\n<\/div>\n<\/div>\n<div id=\"chunk-ffbtu\">\n<div class=\"mc-column content-text active-extra-styles\" data-block-type=\"raw\" data-block-weight=\"18\" data-block-id=\"12\">\n<p class=\"content-text__container\" data-mrf-recirculation=\"Article links\">\n<blockquote class=\"content-blockquote theme-border-color-primary-before\"><p>\u201cO que a gente pede \u00e9 fiscaliza\u00e7\u00e3o, di\u00e1logo e respeito, porque todas as culturas podem conviver\u201d, diz Sandra.<\/p><\/blockquote>\n<p>&nbsp;<\/p>\n<\/div>\n<\/div>\n<div id=\"chunk-7uupt\">\n<div class=\"mc-column content-text active-extra-styles \" data-block-type=\"unstyled\" data-block-weight=\"42\" data-block-id=\"13\">\n<p class=\" content-text__container \" data-track-category=\"Link no Texto\" data-track-links=\"\" data-mrf-recirculation=\"Article links\">Em nota t\u00e9cnica, a Ag\u00eancia de Defesa Agropecu\u00e1ria do Paran\u00e1 (Adapar) que faz o controle dos defensivos agr\u00edcolas no campo, disse que desde junho foram realizadas 251 inspe\u00e7\u00f5es nos munic\u00edpios com maior incid\u00eancia de deriva, como Nova Esperan\u00e7a, Astorga e Marialva.<\/p>\n<\/div>\n<\/div>\n<div id=\"chunk-1vf5k\">\n<div class=\"content-ads content-ads--reveal\" data-block-type=\"ads\" data-block-id=\"14\">\n<div id=\"banner_materia__d6c8dc53-8041-4c10-a95d-8c068c58c110\" class=\"tag-manager-publicidade-container mc-has-reveal mc-has-ad-lazyload tag-manager-publicidade-banner_materia__d6c8dc53-8041-4c10-a95d-8c068c58c110 tag-manager-publicidade-container--carregado tag-manager-publicidade-container--visivel\" data-id=\"banner_materia__d6c8dc53-8041-4c10-a95d-8c068c58c110\" data-google-query-id=\"CK-Tn6KtqYYDFYqjlQIdRBgFmg\">\n<div id=\"chunk-3j80o\">\n<div class=\"mc-column content-text active-extra-styles \" data-block-type=\"unstyled\" data-block-weight=\"42\" data-block-id=\"15\">\n<p class=\" content-text__container \" data-track-category=\"Link no Texto\" data-track-links=\"\" data-mrf-recirculation=\"Article links\">A ag\u00eancia afirmou que 25 fiscais est\u00e3o na regi\u00e3o para orientar produtores e inspecionar equipamentos de aplica\u00e7\u00e3o e ressaltou que a deriva \u00e9 apenas uma das causas da mortandade do bicho da seda, que tamb\u00e9m pode enfrentar problemas sanit\u00e1rios, como viroses.<\/p>\n<\/div>\n<\/div>\n<div id=\"chunk-6k8s5\">\n<div class=\"mc-column content-text active-extra-styles\" data-block-type=\"raw\" data-block-weight=\"3\" data-block-id=\"16\">\n<p class=\"content-text__container\" data-mrf-recirculation=\"Article links\">\n<div class=\"content-intertitle\">\n<h2>Como evitar fen\u00f4meno<\/h2>\n<\/div>\n<p>&nbsp;<\/p>\n<\/div>\n<\/div>\n<div id=\"chunk-84aop\">\n<div class=\"mc-column content-text active-extra-styles \" data-block-type=\"unstyled\" data-block-weight=\"43\" data-block-id=\"17\">\n<p class=\" content-text__container \" data-track-category=\"Link no Texto\" data-track-links=\"\" data-mrf-recirculation=\"Article links\">O t\u00e9cnico de sericicultura Leonardo dos Santos Mendes explica que manchas amarelas nas folhas s\u00e3o sinais da a\u00e7\u00e3o dos herbicidas e inseticidas \u2013 usados nas lavouras para controle de pragas. Na pr\u00e1tica, a lagarta ingere o defensivo e o produtor perde as larvas.<\/p>\n<\/div>\n<\/div>\n<div id=\"chunk-5eepk\">\n<div class=\"mc-column content-text active-extra-styles\" data-block-type=\"raw\" data-block-weight=\"26\" data-block-id=\"18\">\n<p class=\"content-text__container\" data-mrf-recirculation=\"Article links\">\n<blockquote class=\"content-blockquote theme-border-color-primary-before\"><p>\u201cO produtor atingido acaba perdendo as larvas \u2013 que muitas vezes n\u00e3o apresentam sintomas antes, seguem o ciclo e acabam n\u00e3o fazendo o casulo\u201d, diz Mendes.<\/p><\/blockquote>\n<p>&nbsp;<\/p>\n<\/div>\n<\/div>\n<div id=\"chunk-3ha0q\">\n<div class=\"mc-column content-text active-extra-styles \" data-block-type=\"unstyled\" data-block-weight=\"31\" data-block-id=\"19\">\n<p class=\" content-text__container \" data-track-category=\"Link no Texto\" data-track-links=\"\" data-mrf-recirculation=\"Article links\">O especialista ressalta que agricultores devem aplicar os agrot\u00f3xicos em hor\u00e1rios apropriados, com condi\u00e7\u00e3o de vento e temperatura apropriadas. &#8220;Tem casos de herbicidas que atingem at\u00e9 50 quil\u00f4metros de aplica\u00e7\u00e3o\u201d, explica.<\/p>\n<p data-track-category=\"Link no Texto\" data-track-links=\"\" data-mrf-recirculation=\"Article links\">\n<\/div>\n<\/div>\n<\/div>\n<\/div>\n<\/div>\n<\/blockquote>\n<\/div>\n<\/div>\n<\/div>\n<\/article>\n<\/div>\n<p>&nbsp;<\/p>\n<p>Acesse mat\u00e9ria completa\/v\u00eddeo em:<\/p>\n<p>https:\/\/g1.globo.com\/pr\/parana\/caminhos-do-campo\/noticia\/2023\/10\/29\/fenomeno-afeta-producao-de-seda-e-leva-sericultores-a-protestarem-no-parana-pedimos-fiscalizacao.ghtml<\/p>\n<p>&nbsp;<\/p>\n","protected":false},"excerpt":{"rendered":"<p>Fen\u00f4meno afeta produ\u00e7\u00e3o de seda e leva sericicultores a protestarem no Paran\u00e1: &#8216;Pedimos fiscaliza\u00e7\u00e3o&#8217; Sericicultores de Nova Esperan\u00e7a enfrentam preju\u00edzos. Adapar garante que h\u00e1 25 fiscais<span class=\"excerpt-hellip\"> [?]<\/span><\/p>\n","protected":false},"author":111,"featured_media":9832,"comment_status":"closed","ping_status":"open","sticky":false,"template":"","format":"standard","meta":{"_joinchat":[],"footnotes":""},"categories":[232,224,1],"tags":[],"class_list":["post-16905","post","type-post","status-publish","format-standard","has-post-thumbnail","hentry","category-abraseda","category-fiacao-de-seda-bratac","category-trabalhos-inove"],"_links":{"self":[{"href":"https:\/\/www.inovelondrina.com.br\/agencia\/wp-json\/wp\/v2\/posts\/16905","targetHints":{"allow":["GET"]}}],"collection":[{"href":"https:\/\/www.inovelondrina.com.br\/agencia\/wp-json\/wp\/v2\/posts"}],"about":[{"href":"https:\/\/www.inovelondrina.com.br\/agencia\/wp-json\/wp\/v2\/types\/post"}],"author":[{"embeddable":true,"href":"https:\/\/www.inovelondrina.com.br\/agencia\/wp-json\/wp\/v2\/users\/111"}],"replies":[{"embeddable":true,"href":"https:\/\/www.inovelondrina.com.br\/agencia\/wp-json\/wp\/v2\/comments?post=16905"}],"version-history":[{"count":1,"href":"https:\/\/www.inovelondrina.com.br\/agencia\/wp-json\/wp\/v2\/posts\/16905\/revisions"}],"predecessor-version":[{"id":16906,"href":"https:\/\/www.inovelondrina.com.br\/agencia\/wp-json\/wp\/v2\/posts\/16905\/revisions\/16906"}],"wp:featuredmedia":[{"embeddable":true,"href":"https:\/\/www.inovelondrina.com.br\/agencia\/wp-json\/wp\/v2\/media\/9832"}],"wp:attachment":[{"href":"https:\/\/www.inovelondrina.com.br\/agencia\/wp-json\/wp\/v2\/media?parent=16905"}],"wp:term":[{"taxonomy":"category","embeddable":true,"href":"https:\/\/www.inovelondrina.com.br\/agencia\/wp-json\/wp\/v2\/categories?post=16905"},{"taxonomy":"post_tag","embeddable":true,"href":"https:\/\/www.inovelondrina.com.br\/agencia\/wp-json\/wp\/v2\/tags?post=16905"}],"curies":[{"name":"wp","href":"https:\/\/api.w.org\/{rel}","templated":true}]}}