{"id":16902,"date":"2023-10-23T14:32:46","date_gmt":"2023-10-23T17:32:46","guid":{"rendered":"https:\/\/www.inovelondrina.com.br\/agencia\/?p=16902"},"modified":"2024-05-25T14:38:42","modified_gmt":"2024-05-25T17:38:42","slug":"deriva-de-agrotoxicos-e-falta-de-produto-faz-bratac-deixar-de-exportar-r-550-milhoes","status":"publish","type":"post","link":"https:\/\/www.inovelondrina.com.br\/agencia\/deriva-de-agrotoxicos-e-falta-de-produto-faz-bratac-deixar-de-exportar-r-550-milhoes\/","title":{"rendered":"Deriva de agrot\u00f3xicos e falta de produto faz Bratac deixar de exportar R$ 550 milh\u00f5es"},"content":{"rendered":"<p>&nbsp;<\/p>\n<section class=\"section header\">\n<section class=\"content\">\n<div class=\"infos\">\n<div class=\"chapeu\">\n<p>BICHO-DA-SEDA<\/p>\n<\/div>\n<\/div>\n<div class=\"infos2\">\n<h1>Deriva de agrot\u00f3xicos e falta de produto faz Bratac deixar de exportar R$ 550 milh\u00f5es<\/h1>\n<div class=\"autor\">POR\u00a0<a href=\"https:\/\/portfolio.com.br\/colunista\/walter\/\">T\u00c9LE MENECHINO<\/a>\u00a0EM 23 DE OUTUBRO DE 2023<\/div>\n<div class=\"share\">\n<div class=\"links\"><\/div>\n<\/div>\n<\/div>\n<\/section>\n<\/section>\n<section class=\"section single\">\n<section class=\"content\">\n<section class=\"conteudo\">\n<p data-fetch=\"true\">A deriva de agrot\u00f3xicos est\u00e1 acabando com a sericicultura no noroeste do Paran\u00e1. Nas \u00faltimas duas safras mais de 500 fam\u00edlias vulner\u00e1veis no campo abandonaram a atividade por causa dos preju\u00edzos decorrentes da deriva causada por aplica\u00e7\u00e3o irregular de agrot\u00f3xicos nas culturas vizinhas.<\/p>\n<p>Em um efeito domin\u00f3, a Ind\u00fastria de Fia\u00e7\u00e3o de Seda Bratac, diante \u00e0 restri\u00e7\u00e3o de casulos do bicho-da-seda, prev\u00ea um impacto negativo nas exporta\u00e7\u00f5es de fios de seda deste ano de R$ 550 milh\u00f5es, isso em um momento que cresce a demanda internacional pelo produto brasileiro.<\/p>\n<p>A Bratac tem capacidade de comprar mais de 9 mil toneladas de casulos verdes por ano e produzir 1,4 mil toneladas de fios de seda e subprodutos para exporta\u00e7\u00e3o. Ela atende aos segmentos de moda, biomateriais, alimentos, medicina e cosm\u00e9tica. No entanto, deve exportar apenas 300 toneladas, o que implica na redu\u00e7\u00e3o de 1,3 mil postos de trabalho.<\/p>\n<p>Sandra Andrade Manieri, presidente da Associa\u00e7\u00e3o de Produtores de Nova Esperan\u00e7a, que fica a 45 km de Maring\u00e1 e \u00e9, oficialmente, a Capital Nacional da Seda, em alguns casos a deriva foi t\u00e3o avassaladora que matou n\u00e3o apenas as lagartas, mas tamb\u00e9m as amoreiras:<\/p>\n<p>\u2013\u00a0<em>Tem produtor que s\u00f3 vai voltar a cria\u00e7\u00e3o no ano que vem, porque precisa refazer o amoreiral, em outros casos o casulo n\u00e3o se desenvolveu, porque foi intoxicado, s\u00e3o dezenas de fam\u00edlias sem produzir.<\/em><\/p>\n<p>Apesar do Plano de A\u00e7\u00f5es Integradas de Combate \u00e0 Deriva de Agrot\u00f3xicos da SEAB est\u00e1 em vigor desde maio de 2021, mesmo assim os preju\u00edzos para a economia do estado decorrentes das perdas de bicho-da-seda continuam aumentando.<\/p>\n<p>A cria\u00e7\u00e3o do bicho-da-seda atende as principais estrat\u00e9gias do governo, sendo uma atividade produtiva sustent\u00e1vel, com garantia de compra do produto agr\u00edcola, alto valor bruto de produ\u00e7\u00e3o, al\u00e9m de gerar mais de 1 mil empregos diretos, conter o \u00eaxodo rural e promover a sucess\u00e3o familiar nas pequenas propriedades.<\/p>\n<p>A cria\u00e7\u00e3o do bicho-da-seda tamb\u00e9m \u00e9 uma cultura de preserva\u00e7\u00e3o ambiental, j\u00e1 que \u00e9 100% org\u00e2nica, tendo certifica\u00e7\u00e3o internacional USDA\/NOP. A cultura tem um potencial de receita bruta de R$ 110 mil\/ano por hectare de amoral.<\/p>\n<h2 class=\"wp-block-heading\">Protesto nesta segunda-feira<\/h2>\n<p data-fetch=\"true\">Sericicultores do noroeste fazem manifesta\u00e7\u00e3o nesta segunda-feira (23) contra a deriva de agrot\u00f3xicos. Ser\u00e1 em Nova Esperan\u00e7a e \u00e9 organizado pela Associa\u00e7\u00e3o dos Criadores do Bicho da Seda de Nova Esperan\u00e7a, Alto Paran\u00e1 e Regi\u00f5es, Associa\u00e7\u00e3o Comercial e Empresarial de Nova Esperan\u00e7a e Prefeitura de Nova Esperan\u00e7a.<\/p>\n<p data-fetch=\"true\"><strong>Fonte<\/strong>:\u00a0<em>As informa\u00e7\u00f5es foram repassadas pela assessoria de imprensa da Associa\u00e7\u00e3o de Produtores de Nova Esperan\u00e7a\/Bratac<\/em><\/p>\n<div id=\"P_PORTFOLIO_INTEXT_01_0\" data-premium=\"\" data-adunit=\"PORTFOLIO_INTEXT_01\" data-sizes-mobile=\"[[336,280],[300,250]]\" data-sizes-desktop=\"[[336,280],[300,250]]\" data-type=\"intext\" data-count=\"1\" data-fetch=\"true\" data-google-query-id=\"CPaw1taqqYYDFS-HlQIdqLEIeg\">\u00a0Acesse o link:<\/div>\n<\/section>\n<\/section>\n<\/section>\n<p>https:\/\/portfolio.com.br\/deriva-de-agrotoximos-e-falta-de-produto-faz-bratac-deixar-de-exportar-r-550-milhoes\/<\/p>\n","protected":false},"excerpt":{"rendered":"<p>&nbsp; BICHO-DA-SEDA Deriva de agrot\u00f3xicos e falta de produto faz Bratac deixar de exportar R$ 550 milh\u00f5es POR\u00a0T\u00c9LE MENECHINO\u00a0EM 23 DE OUTUBRO DE 2023 A deriva<span class=\"excerpt-hellip\"> [?]<\/span><\/p>\n","protected":false},"author":111,"featured_media":16903,"comment_status":"closed","ping_status":"open","sticky":false,"template":"","format":"standard","meta":{"_joinchat":[],"footnotes":""},"categories":[232,224,1],"tags":[],"class_list":["post-16902","post","type-post","status-publish","format-standard","has-post-thumbnail","hentry","category-abraseda","category-fiacao-de-seda-bratac","category-trabalhos-inove"],"_links":{"self":[{"href":"https:\/\/www.inovelondrina.com.br\/agencia\/wp-json\/wp\/v2\/posts\/16902","targetHints":{"allow":["GET"]}}],"collection":[{"href":"https:\/\/www.inovelondrina.com.br\/agencia\/wp-json\/wp\/v2\/posts"}],"about":[{"href":"https:\/\/www.inovelondrina.com.br\/agencia\/wp-json\/wp\/v2\/types\/post"}],"author":[{"embeddable":true,"href":"https:\/\/www.inovelondrina.com.br\/agencia\/wp-json\/wp\/v2\/users\/111"}],"replies":[{"embeddable":true,"href":"https:\/\/www.inovelondrina.com.br\/agencia\/wp-json\/wp\/v2\/comments?post=16902"}],"version-history":[{"count":1,"href":"https:\/\/www.inovelondrina.com.br\/agencia\/wp-json\/wp\/v2\/posts\/16902\/revisions"}],"predecessor-version":[{"id":16904,"href":"https:\/\/www.inovelondrina.com.br\/agencia\/wp-json\/wp\/v2\/posts\/16902\/revisions\/16904"}],"wp:featuredmedia":[{"embeddable":true,"href":"https:\/\/www.inovelondrina.com.br\/agencia\/wp-json\/wp\/v2\/media\/16903"}],"wp:attachment":[{"href":"https:\/\/www.inovelondrina.com.br\/agencia\/wp-json\/wp\/v2\/media?parent=16902"}],"wp:term":[{"taxonomy":"category","embeddable":true,"href":"https:\/\/www.inovelondrina.com.br\/agencia\/wp-json\/wp\/v2\/categories?post=16902"},{"taxonomy":"post_tag","embeddable":true,"href":"https:\/\/www.inovelondrina.com.br\/agencia\/wp-json\/wp\/v2\/tags?post=16902"}],"curies":[{"name":"wp","href":"https:\/\/api.w.org\/{rel}","templated":true}]}}