{"id":13674,"date":"2022-10-21T18:49:20","date_gmt":"2022-10-21T21:49:20","guid":{"rendered":"https:\/\/www.inovelondrina.com.br\/agencia\/?p=13674"},"modified":"2022-11-14T18:52:55","modified_gmt":"2022-11-14T21:52:55","slug":"comite-de-crise-da-saude-discute-problema-de-superlotacao-de-hospitais-terciarios","status":"publish","type":"post","link":"https:\/\/www.inovelondrina.com.br\/agencia\/comite-de-crise-da-saude-discute-problema-de-superlotacao-de-hospitais-terciarios\/","title":{"rendered":"Comit\u00ea de Crise da Sa\u00fade discute problema de superlota\u00e7\u00e3o de hospitais terci\u00e1rios"},"content":{"rendered":"<h5 class=\"nd-element-textable NDe3vww11\">Comit\u00ea de Crise da Sa\u00fade discute problema de superlota\u00e7\u00e3o de hospitais terci\u00e1rios<\/h5>\n<div class=\"nd-grid-row nd-element-section NDzrbf20q\">\n<div class=\"nd-grid-col nd-element-grid-column ND6yi3atj\">\n<div class=\"nd-element-html NDu9q576m\"><span class=\"post-publication-date\">\u00a021\/10\/22 \u00e0s 13:24\u00a0&#8211; Escrito por Reda\u00e7\u00e3o Tarob\u00e1 News<\/span><\/div>\n<div><\/div>\n<\/div>\n<div><a href=\"https:\/\/youtu.be\/0XLTgJFQx30\">https:\/\/youtu.be\/0XLTgJFQx30<\/a><\/div>\n<\/div>\n<div><\/div>\n<div><span style=\"font-weight: inherit\">O Comit\u00ea de Crise da Sa\u00fade de Londrina se re\u00fane, nesta sexta-feira (21), para discutir a situa\u00e7\u00e3o de superlota\u00e7\u00e3o dos hospitais terci\u00e1rios do munic\u00edpio. O encontro foi convocado pelo Minist\u00e9rio P\u00fablico (MP) e conta com a participa\u00e7\u00e3o de diretores de hospitais, prefeitos da regi\u00e3o, secret\u00e1rios de sa\u00fade e pol\u00edticos.<\/span><\/div>\n<div class=\"nd-grid-row nd-element-section NDzrbf20q\">\n<div class=\"nd-grid-col nd-element-grid-column NDsylkecv\">\n<div class=\"icon\">\n<p style=\"font-weight: inherit\">Conforme o MP, as demandas est\u00e3o &#8220;muito al\u00e9m da capacidade instalada de servi\u00e7os&#8221; e as unidades terci\u00e1rias, que s\u00e3o aquelas que atendem casos mais complexos, est\u00e3o recebendo demandas caracter\u00edsticas de hospitais secund\u00e1rios, respons\u00e1veis por casos menos complexos. Isso estaria comprometendo os atendimentos.<\/p>\n<p style=\"font-weight: inherit\">Al\u00e9m disso, outra pauta que ser\u00e1 discutida na reuni\u00e3o \u00e9 a necessidade de instala\u00e7\u00e3o da maternidade no Hospital Universit\u00e1rio (HU), &#8220;que j\u00e1 conta com estrutura pronta&#8221; para o servi\u00e7o.<\/p>\n<p style=\"font-weight: inherit\">Uma reivindica\u00e7\u00e3o importante das unidades, segundo os diretores, \u00e9 a necessidade de maior financiamento por parte do Governo Federal. Outra, \u00e9 a dificuldade para a contrata\u00e7\u00e3o de profissionais da sa\u00fade.<\/p>\n<p style=\"font-weight: inherit\">De acordo com o diretor geral do Hospital do C\u00e2ncer, Edmilson Garcia, o d\u00e9ficit da unidade est\u00e1 chegando a R$ 2,2 milh\u00f5es. &#8220;Londrina enfrenta um problema h\u00e1 muito tempo, que seria a melhoria do teto do repasse que vem do Minist\u00e9rio da Sa\u00fade. Mas precisamos tamb\u00e9m de melhoria na tabela. N\u00e3o adianta aumentar o valor do repasse e n\u00e3o ter melhorias na tabela\u201d, disse.<\/p>\n<p style=\"font-weight: inherit\">Garcia ainda ressaltou que a rede de aten\u00e7\u00e3o prim\u00e1ria e secund\u00e1ria precisa ser aperfei\u00e7oada para que toda a oferta de servi\u00e7os da sa\u00fade funcione com mais efic\u00e1cia. &#8220;<span style=\"font-weight: inherit\">Que os hospitais terci\u00e1rios, como \u00e9 o Hospital do C\u00e2ncer e parceiros possam atender justamente alta complexidade e deixar a m\u00e9dia e baixa para a rede b\u00e1sica e secund\u00e1ria\u201d, falou.<\/span><\/p>\n<p style=\"font-weight: inherit\"><span style=\"font-weight: inherit\">A reuni\u00e3o se estende durante o per\u00edodo da tarde. A expectativa \u00e9 que a\u00e7\u00f5es possam ser tomadas para a melhora da presta\u00e7\u00e3o de servi\u00e7os.<\/span><\/p>\n<\/div>\n<\/div>\n<\/div>\n","protected":false},"excerpt":{"rendered":"<p>Comit\u00ea de Crise da Sa\u00fade discute problema de superlota\u00e7\u00e3o de hospitais terci\u00e1rios \u00a021\/10\/22 \u00e0s 13:24\u00a0&#8211; Escrito por Reda\u00e7\u00e3o Tarob\u00e1 News https:\/\/youtu.be\/0XLTgJFQx30 O Comit\u00ea de Crise da<span class=\"excerpt-hellip\"> [?]<\/span><\/p>\n","protected":false},"author":111,"featured_media":5541,"comment_status":"closed","ping_status":"open","sticky":false,"template":"","format":"standard","meta":{"_joinchat":[],"footnotes":""},"categories":[159,171],"tags":[],"class_list":["post-13674","post","type-post","status-publish","format-standard","has-post-thumbnail","hentry","category-clientes","category-hospital-evangelico"],"_links":{"self":[{"href":"https:\/\/www.inovelondrina.com.br\/agencia\/wp-json\/wp\/v2\/posts\/13674","targetHints":{"allow":["GET"]}}],"collection":[{"href":"https:\/\/www.inovelondrina.com.br\/agencia\/wp-json\/wp\/v2\/posts"}],"about":[{"href":"https:\/\/www.inovelondrina.com.br\/agencia\/wp-json\/wp\/v2\/types\/post"}],"author":[{"embeddable":true,"href":"https:\/\/www.inovelondrina.com.br\/agencia\/wp-json\/wp\/v2\/users\/111"}],"replies":[{"embeddable":true,"href":"https:\/\/www.inovelondrina.com.br\/agencia\/wp-json\/wp\/v2\/comments?post=13674"}],"version-history":[{"count":1,"href":"https:\/\/www.inovelondrina.com.br\/agencia\/wp-json\/wp\/v2\/posts\/13674\/revisions"}],"predecessor-version":[{"id":13675,"href":"https:\/\/www.inovelondrina.com.br\/agencia\/wp-json\/wp\/v2\/posts\/13674\/revisions\/13675"}],"wp:featuredmedia":[{"embeddable":true,"href":"https:\/\/www.inovelondrina.com.br\/agencia\/wp-json\/wp\/v2\/media\/5541"}],"wp:attachment":[{"href":"https:\/\/www.inovelondrina.com.br\/agencia\/wp-json\/wp\/v2\/media?parent=13674"}],"wp:term":[{"taxonomy":"category","embeddable":true,"href":"https:\/\/www.inovelondrina.com.br\/agencia\/wp-json\/wp\/v2\/categories?post=13674"},{"taxonomy":"post_tag","embeddable":true,"href":"https:\/\/www.inovelondrina.com.br\/agencia\/wp-json\/wp\/v2\/tags?post=13674"}],"curies":[{"name":"wp","href":"https:\/\/api.w.org\/{rel}","templated":true}]}}