{"id":13668,"date":"2022-10-21T18:39:00","date_gmt":"2022-10-21T21:39:00","guid":{"rendered":"https:\/\/www.inovelondrina.com.br\/agencia\/?p=13668"},"modified":"2022-11-14T18:42:15","modified_gmt":"2022-11-14T21:42:15","slug":"atendimento-na-maternidade-do-hospital-evangelico-pode-ser-suspenso-em-londrina","status":"publish","type":"post","link":"https:\/\/www.inovelondrina.com.br\/agencia\/atendimento-na-maternidade-do-hospital-evangelico-pode-ser-suspenso-em-londrina\/","title":{"rendered":"Atendimento na maternidade do Hospital Evang\u00e9lico pode ser suspenso em Londrina"},"content":{"rendered":"<h5 class=\"display\">Atendimento na maternidade do Hospital Evang\u00e9lico pode ser suspenso em Londrina<\/h5>\n<div class=\"post_gravata\">\n<p>De acordo com o diretor do HE, Eduardo Otoni, a institui\u00e7\u00e3o tem problemas sem reajuste no repasse de verbas do SUS<\/p>\n<\/div>\n<p>O Hospital Evang\u00e9lico (<a href=\"https:\/\/www.helondrina.org.br\/\" target=\"_blank\" rel=\"noopener\">HE<\/a>) de Londrina, no norte do\u00a0<a href=\"https:\/\/ricmais.com.br\/parana\/\">Paran\u00e1<\/a>, pode suspender o atendimento na maternidade em abril de 2023, caso o\u00a0<a href=\"https:\/\/www.saude.mg.gov.br\/sus\" target=\"_blank\" rel=\"noopener\">Sistema \u00danico de Sa\u00fade<\/a>\u00a0(SUS) n\u00e3o reajuste o repasse de verbas. A situa\u00e7\u00e3o foi divulgada nesta sexta-feira (21) pelo diretor da institui\u00e7\u00e3o, Eduardo Otoni, em reuni\u00e3o feita com o\u00a0<a href=\"https:\/\/mppr.mp.br\/\" target=\"_blank\" rel=\"noopener\">Minist\u00e9rio P\u00fablico do Paran\u00e1<\/a>\u00a0(MPPR), prefeitos de 22 cidades e diretores de hospitais do munic\u00edpio.<\/p>\n<div class=\"single_mover\">\n<figure><img decoding=\"async\" class=\"entered lazyloaded\" src=\"https:\/\/static.ricmais.com.br\/uploads\/2022\/10\/hospital-evangelico-londrina.jpg\" alt=\"Atendimento na maternidade do Hospital Evang\u00e9lico pode ser suspenso em Londrina\" data-lazy-srcset=\"https:\/\/static.ricmais.com.br\/uploads\/2022\/10\/hospital-evangelico-londrina-375x250.jpg 375w,\n\t\t\t\thttps:\/\/static.ricmais.com.br\/uploads\/2022\/10\/hospital-evangelico-londrina.jpg 2400w\" data-lazy-sizes=\"(max-width: 375px) 375px\" data-lazy-src=\"https:\/\/static.ricmais.com.br\/uploads\/2022\/10\/hospital-evangelico-londrina.jpg\" data-ll-status=\"loaded\" \/><\/figure>\n<p>Hospital evang\u00e9lico de Londrina recebe aditivo &#8211; (Foto: Hospital Evang\u00e9lico)<\/p>\n<div class=\"single_data_padrao\">\n<p>21 de outubro de 2022 &#8211;\u00a0<strong>18:43<\/strong>\u00a0<strong>&#8211; Atualizado em 21 de outubro de 2022 &#8211; 18:48<\/strong><\/p>\n<\/div>\n<\/div>\n<p>O diretor do HE afirma que h\u00e1 5 anos n\u00e3o h\u00e1 reajuste nos valores repassados para o hospital e que existe um d\u00e9ficit do SUS na \u00e1rea da maternidade avaliado em cerca de R$ 2 milh\u00f5es por m\u00eas, que \u00e9 custeado pelo hospital.<\/p>\n<p>De acordo com o secret\u00e1rio da sa\u00fade Felippe Machado, \u201c28% do or\u00e7amento de Londrina \u00e9 aplicado na sa\u00fade, sendo que a obrigatoriedade \u00e9 de 12%, al\u00e9m disso, os hospitais passam por dificuldade de escala m\u00e9dica\u201d.<\/p>\n<p>O pronto socorro do\u00a0<a href=\"https:\/\/www.uel.br\/hu\/portal\/\" target=\"_blank\" rel=\"noopener\">Hospital Universit\u00e1rio<\/a>\u00a0tamb\u00e9m est\u00e1 sem verbas para anestesistas, e opera com 120% da capacidade m\u00e1xima. Segundo a superintendente do HU, Vivian Feij\u00f3, \u201cH\u00e1 uma escassez de especialistas, hoje vivemos uma crise de anestesistas\u201d<\/p>\n<blockquote class=\"wp-embedded-content\" data-secret=\"VPCntU75WX\"><p><a href=\"https:\/\/ricmais.com.br\/saude\/atendimento-no-hospital-evangelico-pode-ser-suspenso-em-londrina\/\">Atendimento na maternidade do Hospital Evang\u00e9lico pode ser suspenso em Londrina<\/a><\/p><\/blockquote>\n<p><iframe loading=\"lazy\" class=\"wp-embedded-content\" sandbox=\"allow-scripts\" security=\"restricted\" style=\"position: absolute; clip: rect(1px, 1px, 1px, 1px);\" title=\"&#8220;Atendimento na maternidade do Hospital Evang\u00e9lico pode ser suspenso em Londrina&#8221; &#8212; Not\u00edcias RIC Mais\" src=\"https:\/\/ricmais.com.br\/saude\/atendimento-no-hospital-evangelico-pode-ser-suspenso-em-londrina\/embed\/#?secret=VPCntU75WX\" data-secret=\"VPCntU75WX\" width=\"600\" height=\"338\" frameborder=\"0\" marginwidth=\"0\" marginheight=\"0\" scrolling=\"no\"><\/iframe><\/p>\n","protected":false},"excerpt":{"rendered":"<p>Atendimento na maternidade do Hospital Evang\u00e9lico pode ser suspenso em Londrina De acordo com o diretor do HE, Eduardo Otoni, a institui\u00e7\u00e3o tem problemas sem reajuste<span class=\"excerpt-hellip\"> [?]<\/span><\/p>\n","protected":false},"author":111,"featured_media":4497,"comment_status":"closed","ping_status":"open","sticky":false,"template":"","format":"standard","meta":{"_joinchat":[],"footnotes":""},"categories":[159,171],"tags":[],"class_list":["post-13668","post","type-post","status-publish","format-standard","has-post-thumbnail","hentry","category-clientes","category-hospital-evangelico"],"_links":{"self":[{"href":"https:\/\/www.inovelondrina.com.br\/agencia\/wp-json\/wp\/v2\/posts\/13668","targetHints":{"allow":["GET"]}}],"collection":[{"href":"https:\/\/www.inovelondrina.com.br\/agencia\/wp-json\/wp\/v2\/posts"}],"about":[{"href":"https:\/\/www.inovelondrina.com.br\/agencia\/wp-json\/wp\/v2\/types\/post"}],"author":[{"embeddable":true,"href":"https:\/\/www.inovelondrina.com.br\/agencia\/wp-json\/wp\/v2\/users\/111"}],"replies":[{"embeddable":true,"href":"https:\/\/www.inovelondrina.com.br\/agencia\/wp-json\/wp\/v2\/comments?post=13668"}],"version-history":[{"count":1,"href":"https:\/\/www.inovelondrina.com.br\/agencia\/wp-json\/wp\/v2\/posts\/13668\/revisions"}],"predecessor-version":[{"id":13669,"href":"https:\/\/www.inovelondrina.com.br\/agencia\/wp-json\/wp\/v2\/posts\/13668\/revisions\/13669"}],"wp:featuredmedia":[{"embeddable":true,"href":"https:\/\/www.inovelondrina.com.br\/agencia\/wp-json\/wp\/v2\/media\/4497"}],"wp:attachment":[{"href":"https:\/\/www.inovelondrina.com.br\/agencia\/wp-json\/wp\/v2\/media?parent=13668"}],"wp:term":[{"taxonomy":"category","embeddable":true,"href":"https:\/\/www.inovelondrina.com.br\/agencia\/wp-json\/wp\/v2\/categories?post=13668"},{"taxonomy":"post_tag","embeddable":true,"href":"https:\/\/www.inovelondrina.com.br\/agencia\/wp-json\/wp\/v2\/tags?post=13668"}],"curies":[{"name":"wp","href":"https:\/\/api.w.org\/{rel}","templated":true}]}}