{"id":12366,"date":"2022-08-10T15:34:32","date_gmt":"2022-08-10T18:34:32","guid":{"rendered":"https:\/\/www.inovelondrina.com.br\/agencia\/?p=12366"},"modified":"2022-09-04T15:52:22","modified_gmt":"2022-09-04T18:52:22","slug":"hospital-evangelico-pode-suspender-atendimento-de-gravidez-de-alto-risco","status":"publish","type":"post","link":"https:\/\/www.inovelondrina.com.br\/agencia\/hospital-evangelico-pode-suspender-atendimento-de-gravidez-de-alto-risco\/","title":{"rendered":"Hospital Evang\u00e9lico pode suspender atendimento de gravidez de alto risco"},"content":{"rendered":"<div class=\"single_topo\">\n<div class=\"single_topo_info\">\n<h5 class=\"display\">10 de agosto de 2022<\/h5>\n<div class=\"post_gravata\">\n<p>Hospital de Londrina pede descredenciamento de atendimento do servi\u00e7o de maternidade de alto risco<\/p>\n<\/div>\n<\/div>\n<\/div>\n<div class=\"single_info single_info_padrao flex align-center\">\n<div class=\"single_autor flex align-center\">\n<div class=\"single_autor_foto\"><\/div>\n<div class=\"single_autor_info\"><strong>Maria Eduarda Paloco \/ estagi\u00e1ria<\/strong>com informa\u00e7\u00f5es da assessoria de imprensa e supervis\u00e3o de Guilherme Fortunato<\/div>\n<\/div>\n<div class=\"single_info_padrao_right flex align-center flex-right\">\n<div class=\"post_size_padrao flex align-center flex-right\"><span style=\"font-family: inherit;font-size: inherit;font-style: inherit;font-weight: inherit\">O Hospital Evang\u00e9lico de Londrina (HE), no Norte do<\/span><a style=\"font-family: inherit;font-size: inherit;font-style: inherit;font-weight: inherit\" href=\"https:\/\/ricmais.com.br\/parana\/\">\u00a0Paran\u00e1<\/a><span style=\"font-family: inherit;font-size: inherit;font-style: inherit;font-weight: inherit\">, pediu o descredenciamento para o Servi\u00e7o \u00danico de Sa\u00fade (SUS) do servi\u00e7o de maternidade de alto risco. De acordo com a Prefeitura Municipal de Londrina, a unidade continuar\u00e1 prestando o servi\u00e7o at\u00e9 que a avalia\u00e7\u00e3o do pedido seja conclu\u00edda.<\/span><\/div>\n<\/div>\n<\/div>\n<article class=\"single_content\" style=\"margin: 0px;padding: 0px;border: 0px;font: inherit;vertical-align: baseline\">\n<div class=\"single_mover\">\n<figure><img decoding=\"async\" class=\"entered lazyloaded\" src=\"https:\/\/static.ricmais.com.br\/uploads\/2022\/08\/hospital-evangelico-londrina-1067x600.jpg\" alt=\"Hospital Evang\u00e9lico pode suspender atendimento de gravidez de alto risco\" data-lazy-srcset=\"https:\/\/static.ricmais.com.br\/uploads\/2022\/08\/hospital-evangelico-londrina-375x250.jpg 375w, https:\/\/static.ricmais.com.br\/uploads\/2022\/08\/hospital-evangelico-londrina-1067x600.jpg 2400w\" data-lazy-sizes=\"(max-width: 375px) 375px\" data-lazy-src=\"https:\/\/static.ricmais.com.br\/uploads\/2022\/08\/hospital-evangelico-londrina-1067x600.jpg\" data-ll-status=\"loaded\" \/><\/figure>\n<p>(Hospital Evang\u00e9lico Londrina pede descredenciamento do servi\u00e7o de maternidade de alto risco &#8211; Foto: HE)<\/p>\n<div class=\"single_data_padrao\">\n<p>10 de agosto de 2022 &#8211;\u00a0<strong>17:01<\/strong>\u00a0<strong>&#8211; Atualizado em 10 de agosto de 2022 &#8211; 17:01<\/strong><\/p>\n<\/div>\n<\/div>\n<blockquote class=\"wp-block-quote\"><p>\u201cAp\u00f3s diversas inten\u00e7\u00f5es e tratativas para renova\u00e7\u00e3o do contrato de presta\u00e7\u00e3o de servi\u00e7os ao SUS, vigente desde 2015 sem nenhum reajuste at\u00e9 o momento, apesar do aumento de custos e da demanda, este contrato hoje apresenta um d\u00e9ficit acima de 2 milh\u00f5es de reais por m\u00eas, e uma vez que n\u00e3o h\u00e1 nenhuma perspectiva at\u00e9 o momento de qualquer reajuste e readequa\u00e7\u00e3o do contrato, tornou-se necess\u00e1ria a revis\u00e3o do escopo dos servi\u00e7os prestados\u201d, <span style=\"font-family: inherit;font-size: inherit;font-style: inherit;font-weight: inherit\">afirma a nota da assessoria de comunica\u00e7\u00e3o do HE.<\/span><\/p><\/blockquote>\n<p data-fetch=\"true\">Diante desta situa\u00e7\u00e3o de d\u00e9ficit, a decis\u00e3o foi solicitar o descredenciamento. De acordo com a assessoria do hospital, outras institui\u00e7\u00f5es podem realizar o mesmo servi\u00e7o de parto de alto risco.<\/p>\n<p data-fetch=\"true\">O Hospital ainda refor\u00e7a que houve um aumento de 30% na demanda dos casos materno-infantis desde fevereiro deste ano. A maior parte dos casos \u00e9 considerada de m\u00e9dio e baixo risco, ao contr\u00e1rio do pacto de atendimento de alto risco que a institui\u00e7\u00e3o prop\u00f5e.<\/p>\n<p data-fetch=\"true\">Para que o munic\u00edpio possa se programar, eles notificaram a 17\u00aa Regional Estadual de Sa\u00fade com anteced\u00eancia, no dia quatro de julho. J\u00e1 o munic\u00edpio foi acionado sobre a inviabilidade da manuten\u00e7\u00e3o do servi\u00e7o em sete de julho.<\/p>\n<div id=\"P_RICMAIS_INTEXT_03_0\" data-premium=\"\" data-adunit=\"RICMAIS_INTEXT_03\" data-sizes-mobile=\"[[336,280],[300,250]]\" data-sizes-desktop=\"[[336,280],[300,250]]\" data-type=\"intext\" data-fetch=\"true\" data-google-query-id=\"CJXdlIjj-_kCFUk3uQYd1UcBjA\">Segundo a assessoria do HE, a unidade \u00e9 \u201ca maior refer\u00eancia de atendimento em ortopedia e traumatologia em Londrina e regi\u00e3o, atendendo mais de 40% dos casos de trauma via SIATE, SAMU e Central de Leitos, conforme dados da Secretaria Municipal de Sa\u00fade de Londrina\u201d.<\/div>\n<div id=\"P_RICMAIS_INTEXT_02_0\" data-premium=\"\" data-adunit=\"RICMAIS_INTEXT_02\" data-sizes-mobile=\"[[336,280],[300,250]]\" data-sizes-desktop=\"[[336,280],[300,250]]\" data-type=\"intext\" data-fetch=\"true\" data-google-query-id=\"CJTdlIjj-_kCFUk3uQYd1UcBjA\"><\/div>\n<\/article>\n","protected":false},"excerpt":{"rendered":"<p>10 de agosto de 2022 Hospital de Londrina pede descredenciamento de atendimento do servi\u00e7o de maternidade de alto risco Maria Eduarda Paloco \/ estagi\u00e1riacom informa\u00e7\u00f5es da<span class=\"excerpt-hellip\"> [?]<\/span><\/p>\n","protected":false},"author":111,"featured_media":4497,"comment_status":"closed","ping_status":"open","sticky":false,"template":"","format":"standard","meta":{"_joinchat":[],"footnotes":""},"categories":[171],"tags":[],"class_list":["post-12366","post","type-post","status-publish","format-standard","has-post-thumbnail","hentry","category-hospital-evangelico"],"_links":{"self":[{"href":"https:\/\/www.inovelondrina.com.br\/agencia\/wp-json\/wp\/v2\/posts\/12366","targetHints":{"allow":["GET"]}}],"collection":[{"href":"https:\/\/www.inovelondrina.com.br\/agencia\/wp-json\/wp\/v2\/posts"}],"about":[{"href":"https:\/\/www.inovelondrina.com.br\/agencia\/wp-json\/wp\/v2\/types\/post"}],"author":[{"embeddable":true,"href":"https:\/\/www.inovelondrina.com.br\/agencia\/wp-json\/wp\/v2\/users\/111"}],"replies":[{"embeddable":true,"href":"https:\/\/www.inovelondrina.com.br\/agencia\/wp-json\/wp\/v2\/comments?post=12366"}],"version-history":[{"count":2,"href":"https:\/\/www.inovelondrina.com.br\/agencia\/wp-json\/wp\/v2\/posts\/12366\/revisions"}],"predecessor-version":[{"id":12368,"href":"https:\/\/www.inovelondrina.com.br\/agencia\/wp-json\/wp\/v2\/posts\/12366\/revisions\/12368"}],"wp:featuredmedia":[{"embeddable":true,"href":"https:\/\/www.inovelondrina.com.br\/agencia\/wp-json\/wp\/v2\/media\/4497"}],"wp:attachment":[{"href":"https:\/\/www.inovelondrina.com.br\/agencia\/wp-json\/wp\/v2\/media?parent=12366"}],"wp:term":[{"taxonomy":"category","embeddable":true,"href":"https:\/\/www.inovelondrina.com.br\/agencia\/wp-json\/wp\/v2\/categories?post=12366"},{"taxonomy":"post_tag","embeddable":true,"href":"https:\/\/www.inovelondrina.com.br\/agencia\/wp-json\/wp\/v2\/tags?post=12366"}],"curies":[{"name":"wp","href":"https:\/\/api.w.org\/{rel}","templated":true}]}}