{"id":12362,"date":"2022-08-10T15:09:43","date_gmt":"2022-08-10T18:09:43","guid":{"rendered":"https:\/\/www.inovelondrina.com.br\/agencia\/?p=12362"},"modified":"2022-09-04T15:34:30","modified_gmt":"2022-09-04T18:34:30","slug":"influencer-e-treinadora-fisica-carol-borba-e-internada-apos-diagnostico-de-sindrome-do-utero-hiper-reativo-2","status":"publish","type":"post","link":"https:\/\/www.inovelondrina.com.br\/agencia\/influencer-e-treinadora-fisica-carol-borba-e-internada-apos-diagnostico-de-sindrome-do-utero-hiper-reativo-2\/","title":{"rendered":"Influencer e treinadora f\u00edsica Carol Borba \u00e9 internada ap\u00f3s diagn\u00f3stico de s\u00edndrome do \u00fatero hiper-reativo"},"content":{"rendered":"<p><a href=\"https:\/\/revistaquem.globo.com\/QUEM-News\/noticia\/2022\/08\/influencer-e-treinadora-fisica-carol-borba-e-internada-apos-diagnostico-de-sindrome-do-utero-hiper-reativo.html\">https:\/\/revistaquem.globo.com\/QUEM-News\/noticia\/2022\/08\/influencer-e-treinadora-fisica-carol-borba-e-internada-apos-diagnostico-de-sindrome-do-utero-hiper-reativo.html<\/a><\/p>\n<h5><strong>Gr\u00e1vida da primeira filha, instrutora fitness, de 36 anos, deu entrada em hospital de Londrina no dia 5 de agosto e segue sem previs\u00e3o de alta<\/strong><\/h5>\n<p>1 min de leitura<\/p>\n<p>\u00b7<strong>REDA\u00c7\u00c3O QUEM<\/strong><\/p>\n<p>10 AGO 2022 &#8211; 16H38\u00a0ATUALIZADO EM\u00a010 AGO 2022 &#8211; 19H30<\/p>\n<p><img loading=\"lazy\" decoding=\"async\" class=\"alignnone size-medium wp-image-12364\" src=\"https:\/\/www.inovelondrina.com.br\/agencia\/wp-content\/uploads\/2022\/09\/x-300x217.jpg\" alt=\"\" width=\"300\" height=\"217\" srcset=\"https:\/\/www.inovelondrina.com.br\/agencia\/wp-content\/uploads\/2022\/09\/x-300x217.jpg 300w, https:\/\/www.inovelondrina.com.br\/agencia\/wp-content\/uploads\/2022\/09\/x-768x557.jpg 768w, https:\/\/www.inovelondrina.com.br\/agencia\/wp-content\/uploads\/2022\/09\/x-201x146.jpg 201w, https:\/\/www.inovelondrina.com.br\/agencia\/wp-content\/uploads\/2022\/09\/x-50x36.jpg 50w, https:\/\/www.inovelondrina.com.br\/agencia\/wp-content\/uploads\/2022\/09\/x-104x75.jpg 104w, https:\/\/www.inovelondrina.com.br\/agencia\/wp-content\/uploads\/2022\/09\/x.jpg 1024w\" sizes=\"auto, (max-width: 300px) 100vw, 300px\" \/><\/p>\n<p><em>Carol Borba e Rafael Domingues (Foto: Reprodu\u00e7\u00e3o\/Instagram)<\/em><\/p>\n<p>A influencer e treinadora f\u00edsica\u00a0<strong>Carol Borba<\/strong>, de 36 anos, est\u00e1 internada desde o dia 5 de agosto no Hospital Evang\u00e9lico de Londrina, no Paran\u00e1. Isso porque a paranaense &#8211; gr\u00e1vida da primeira filha,\u00a0<strong>Diana<\/strong>, com o marido, o nutricionista\u00a0<strong>Rafael Domingues<\/strong>, de 38 anos &#8211; est\u00e1 enfrentando uma altera\u00e7\u00e3o na gesta\u00e7\u00e3o, a s\u00edndrome \u00fatero hiper-reativo, que provoca contra\u00e7\u00f5es do \u00fatero, conforme ela se movimenta ou faz esfor\u00e7o.<\/p>\n<p>&#8220;Estou com 33 semanas de gravidez e, para ter uma seguran\u00e7a maior na forma\u00e7\u00e3o da beb\u00ea, preciso segurar at\u00e9 a 34\u00aa semana. Estou inibindo o parto e diminuindo as contra\u00e7\u00f5es com medicamentos&#8221;, conta Carol a\u00a0<strong>Quem<\/strong>, que ainda n\u00e3o tem previs\u00e3o de alta.<\/p>\n<p>&nbsp;<\/p>\n<p>Em 2021,\u00a0<a href=\"https:\/\/revistaquem.globo.com\/famoso\/bianca-andrade\/\"><strong>Bianca Andrade<\/strong><\/a>, a\u00a0<strong>Boca Rosa<\/strong>, revelou estar passando pelo mesmo problema na gesta\u00e7\u00e3o de seu filho. &#8220;Diferentemente da Bianca Andrade, eu tenho o colo do \u00fatero curto e a s\u00edndrome do \u00fatero hiper-reativo contrai e encurta ainda mais o \u00fatero, esse \u00e9 um fator extra a se preocupar&#8221;, diz Carol, que tem 2 milh\u00f5es de seguidores no Instagram, direto do hospital.<\/p>\n<p>Al\u00e9m das conta\u00e7\u00f5es, a s\u00edndrome causa o enrijecimento da barriga e fortes dores na barriga e na vagina. Em maio, a influenciadora revelou que, durante um exame de seu pr\u00e9-natal, seu m\u00e9dico descobriu que ela tinha o colo do \u00fatero curto e essa condi\u00e7\u00e3o pode ocasionar o parto prematuro. Por conta disso, Carol precisou restringir seus treinos e sua carga de esfor\u00e7o.<\/p>\n<p>&nbsp;<\/p>\n","protected":false},"excerpt":{"rendered":"<p>https:\/\/revistaquem.globo.com\/QUEM-News\/noticia\/2022\/08\/influencer-e-treinadora-fisica-carol-borba-e-internada-apos-diagnostico-de-sindrome-do-utero-hiper-reativo.html Gr\u00e1vida da primeira filha, instrutora fitness, de 36 anos, deu entrada em hospital de Londrina no dia 5 de agosto e segue sem previs\u00e3o de<span class=\"excerpt-hellip\"> [?]<\/span><\/p>\n","protected":false},"author":111,"featured_media":12363,"comment_status":"closed","ping_status":"open","sticky":false,"template":"","format":"standard","meta":{"_joinchat":[],"footnotes":""},"categories":[171],"tags":[],"class_list":["post-12362","post","type-post","status-publish","format-standard","has-post-thumbnail","hentry","category-hospital-evangelico"],"_links":{"self":[{"href":"https:\/\/www.inovelondrina.com.br\/agencia\/wp-json\/wp\/v2\/posts\/12362","targetHints":{"allow":["GET"]}}],"collection":[{"href":"https:\/\/www.inovelondrina.com.br\/agencia\/wp-json\/wp\/v2\/posts"}],"about":[{"href":"https:\/\/www.inovelondrina.com.br\/agencia\/wp-json\/wp\/v2\/types\/post"}],"author":[{"embeddable":true,"href":"https:\/\/www.inovelondrina.com.br\/agencia\/wp-json\/wp\/v2\/users\/111"}],"replies":[{"embeddable":true,"href":"https:\/\/www.inovelondrina.com.br\/agencia\/wp-json\/wp\/v2\/comments?post=12362"}],"version-history":[{"count":1,"href":"https:\/\/www.inovelondrina.com.br\/agencia\/wp-json\/wp\/v2\/posts\/12362\/revisions"}],"predecessor-version":[{"id":12365,"href":"https:\/\/www.inovelondrina.com.br\/agencia\/wp-json\/wp\/v2\/posts\/12362\/revisions\/12365"}],"wp:featuredmedia":[{"embeddable":true,"href":"https:\/\/www.inovelondrina.com.br\/agencia\/wp-json\/wp\/v2\/media\/12363"}],"wp:attachment":[{"href":"https:\/\/www.inovelondrina.com.br\/agencia\/wp-json\/wp\/v2\/media?parent=12362"}],"wp:term":[{"taxonomy":"category","embeddable":true,"href":"https:\/\/www.inovelondrina.com.br\/agencia\/wp-json\/wp\/v2\/categories?post=12362"},{"taxonomy":"post_tag","embeddable":true,"href":"https:\/\/www.inovelondrina.com.br\/agencia\/wp-json\/wp\/v2\/tags?post=12362"}],"curies":[{"name":"wp","href":"https:\/\/api.w.org\/{rel}","templated":true}]}}