{"id":12357,"date":"2022-08-11T15:05:27","date_gmt":"2022-08-11T18:05:27","guid":{"rendered":"https:\/\/www.inovelondrina.com.br\/agencia\/?p=12357"},"modified":"2022-09-04T15:09:34","modified_gmt":"2022-09-04T18:09:34","slug":"gravida-carol-borba-e-internada-apos-diagnostico-de-sindrome-preciso-segurar","status":"publish","type":"post","link":"https:\/\/www.inovelondrina.com.br\/agencia\/gravida-carol-borba-e-internada-apos-diagnostico-de-sindrome-preciso-segurar\/","title":{"rendered":"Gr\u00e1vida, Carol Borba \u00e9 internada ap\u00f3s diagn\u00f3stico de s\u00edndrome: &#8221;Preciso segurar&#8221;"},"content":{"rendered":"<p>Gr\u00e1vida da primeira filha, a influenciadora Carol Borba deu entrada em hospital de Londrina, no Paran\u00e1, no in\u00edcio de m\u00eas e est\u00e1 sem previs\u00e3o de alta<\/p>\n<p><strong>CARAS Digital\u00a0<\/strong>Publicado em 11\/08\/2022, \u00e0s 11h17<\/p>\n<p>Internada, treinadora Carol Borba fala sobre S\u00edndrome do \u00datero Hiper-Reativo &#8211; Foto\/Instagram<\/p>\n<p>A influencer e treinadora f\u00edsica\u00a0<strong>Carol Borba<\/strong>\u00a0(36) est\u00e1 internada desde o dia 5 de agosto no Hospital Evang\u00e9lico de Londrina, no Paran\u00e1. Isso porque a paranaense &#8211; gr\u00e1vida da primeira filha,\u00a0<strong>Diana<\/strong>, com o marido, o nutricionista\u00a0<strong>Rafael Domingues<\/strong>\u00a0(38) &#8211; est\u00e1 enfrentando uma altera\u00e7\u00e3o na gesta\u00e7\u00e3o.<\/p>\n<p>Trata-se de uma s\u00edndrome chamada \u00datero Hiper-Reativo, na qual provoca contra\u00e7\u00f5es do \u00fatero, conforme ela se movimenta ou faz esfor\u00e7o. Al\u00e9m das conta\u00e7\u00f5es, a s\u00edndrome causa o enrijecimento da barriga e fortes dores na barriga e na vagina.<\/p>\n<h5><strong> Internada, treinadora Carol Borba fala sobre S\u00edndrome do \u00datero Hiper-Reativo:<\/strong><\/h5>\n<p><em>\u201cEu estou com 33 semanas de gravidez e, para ter uma seguran\u00e7a maior na forma\u00e7\u00e3o da beb\u00ea, preciso segurar at\u00e9 a 34\u00aa semana. Estou inibindo o parto e diminuindo as contra\u00e7\u00f5es com medicamentos.\u201d<\/em>, conta ela.<\/p>\n<p>Em 2021, a empres\u00e1ria\u00a0<strong>Bianca Andrade<\/strong>, a\u00a0<strong>Boca Rosa<\/strong>, revelou estar passando pelo mesmo caso, durante a gesta\u00e7\u00e3o de seu filho,\u00a0<a href=\"https:\/\/caras.uol.com.br\/datas-especiais\/bianca-andrade-faz-homenagem-para-cris-no-aniversario-de-um-ano-do-filho.phtml\"><strong>Cris<\/strong><\/a>, e outras estrelas que tamb\u00e9m passaram por essa dificuldade na gravidez, como Ang\u00e9lica, que teve em suas tr\u00eas gesta\u00e7\u00f5es.<\/p>\n<p><em>\u201cDiferente da Bianca Andrade, eu tenho o colo do \u00fatero curto e a s\u00edndrome do \u00datero hiper-reativo contrai e encurta ainda mais o \u00fatero, esse \u00e9 um fator extra a se preocupar.\u201d<\/em>, continua.<\/p>\n<p>Em maio, a influenciadora revelou que, durante um exame de seu pr\u00e9-natal, seu m\u00e9dico descobriu que ela tem o colo do \u00fatero curto e essa condi\u00e7\u00e3o pode ocasionar o parto prematuro. Por conta disso, Carol precisou que restringir seus treinos e restringir sua carga de esfor\u00e7o.<\/p>\n<p>&nbsp;<\/p>\n","protected":false},"excerpt":{"rendered":"<p>Gr\u00e1vida da primeira filha, a influenciadora Carol Borba deu entrada em hospital de Londrina, no Paran\u00e1, no in\u00edcio de m\u00eas e est\u00e1 sem previs\u00e3o de alta<span class=\"excerpt-hellip\"> [?]<\/span><\/p>\n","protected":false},"author":111,"featured_media":12360,"comment_status":"closed","ping_status":"open","sticky":false,"template":"","format":"standard","meta":{"_joinchat":[],"footnotes":""},"categories":[171],"tags":[],"class_list":["post-12357","post","type-post","status-publish","format-standard","has-post-thumbnail","hentry","category-hospital-evangelico"],"_links":{"self":[{"href":"https:\/\/www.inovelondrina.com.br\/agencia\/wp-json\/wp\/v2\/posts\/12357","targetHints":{"allow":["GET"]}}],"collection":[{"href":"https:\/\/www.inovelondrina.com.br\/agencia\/wp-json\/wp\/v2\/posts"}],"about":[{"href":"https:\/\/www.inovelondrina.com.br\/agencia\/wp-json\/wp\/v2\/types\/post"}],"author":[{"embeddable":true,"href":"https:\/\/www.inovelondrina.com.br\/agencia\/wp-json\/wp\/v2\/users\/111"}],"replies":[{"embeddable":true,"href":"https:\/\/www.inovelondrina.com.br\/agencia\/wp-json\/wp\/v2\/comments?post=12357"}],"version-history":[{"count":1,"href":"https:\/\/www.inovelondrina.com.br\/agencia\/wp-json\/wp\/v2\/posts\/12357\/revisions"}],"predecessor-version":[{"id":12361,"href":"https:\/\/www.inovelondrina.com.br\/agencia\/wp-json\/wp\/v2\/posts\/12357\/revisions\/12361"}],"wp:featuredmedia":[{"embeddable":true,"href":"https:\/\/www.inovelondrina.com.br\/agencia\/wp-json\/wp\/v2\/media\/12360"}],"wp:attachment":[{"href":"https:\/\/www.inovelondrina.com.br\/agencia\/wp-json\/wp\/v2\/media?parent=12357"}],"wp:term":[{"taxonomy":"category","embeddable":true,"href":"https:\/\/www.inovelondrina.com.br\/agencia\/wp-json\/wp\/v2\/categories?post=12357"},{"taxonomy":"post_tag","embeddable":true,"href":"https:\/\/www.inovelondrina.com.br\/agencia\/wp-json\/wp\/v2\/tags?post=12357"}],"curies":[{"name":"wp","href":"https:\/\/api.w.org\/{rel}","templated":true}]}}