{"id":12347,"date":"2022-08-16T14:52:47","date_gmt":"2022-08-16T17:52:47","guid":{"rendered":"https:\/\/www.inovelondrina.com.br\/agencia\/?p=12347"},"modified":"2022-09-04T14:56:33","modified_gmt":"2022-09-04T17:56:33","slug":"hospital-evangelico-vai-atender-partos-de-risco-ate-conseguirmos-outra-estrutura-diz-secretario-3","status":"publish","type":"post","link":"https:\/\/www.inovelondrina.com.br\/agencia\/hospital-evangelico-vai-atender-partos-de-risco-ate-conseguirmos-outra-estrutura-diz-secretario-3\/","title":{"rendered":"Hospital Evang\u00e9lico vai atender partos de risco at\u00e9 conseguirmos outra estrutura, diz secret\u00e1rio"},"content":{"rendered":"<p>Folha de Londrina<\/p>\n<p>16 de agosto de 2022<\/p>\n<p><a href=\"https:\/\/tarobanews.com\/noticias\/ciencia-e-saude\/hospital-evangelico-vai-atender-partos-de-risco-ate-conseguirmos-outra-estrutura-diz-secretario\">https:\/\/tarobanews.com\/noticias\/ciencia-e-saude\/hospital-evangelico-vai-atender-partos-de-risco-ate-conseguirmos-outra-estrutura-diz-secretario<\/a><\/p>\n<p>O Hospital Evang\u00e9lico, em Londrina, deve continuar operando partos de alto risco at\u00e9 o munic\u00edpio conseguir outra estrutura para absorver os atendimentos, informou o secret\u00e1rio de Sa\u00fade, Felippe Machado, em coletiva nesta ter\u00e7a-feira (16).<\/p>\n<p>&nbsp;<\/p>\n<p>Na semana passada,\u00a0<a href=\"https:\/\/tarobanews.com\/noticias\/ciencia-e-saude\/londrina-evangelico-segue-atendimento-de-partos-de-alto-risco-diz-secretario-de-saude\"><strong>a unidade pediu descredenciamento do Sistema \u00danico de Sa\u00fade (SUS) na realiza\u00e7\u00e3o desse tipo de procedimento alegando preju\u00edzos nos repasses para o custeio do servi\u00e7o<\/strong><\/a>.<\/p>\n<p>&nbsp;<\/p>\n<p>Al\u00e9m do Hospital Evang\u00e9lico, apenas o Hospital Universit\u00e1rio atende gesta\u00e7\u00f5es de alto risco na cidade. Por\u00e9m, conforme Machado, a unidade n\u00e3o tem consi\u00e7\u00f5es de assumir toda a demanda.<\/p>\n<p>&nbsp;<\/p>\n<p>Machado contou que se reuniu com a diretora do\u00a0hospital filantr\u00f3pico na \u00faltima segunda-feira (15) e foi definido que o servi\u00e7o continuar\u00e1, pelo menos, por enquanto.<\/p>\n<p>&nbsp;<\/p>\n<p>\u201cEu reforcei \u00e0 dire\u00e7\u00e3o do hospital que isso vai ser poss\u00edvel t\u00e3o somente a gente consiga outra estrutura para atender essas gestantes. Ent\u00e3o at\u00e9 que isso aconte\u00e7a, o hospital continua atendendo gesta\u00e7\u00f5es de alto risco de forma habitual&#8221;, disse.<\/p>\n<p><a href=\"https:\/\/youtu.be\/MSpUq3VhP7c\">https:\/\/youtu.be\/MSpUq3VhP7c<\/a><\/p>\n<p><iframe loading=\"lazy\" title=\"16\/08 Londrina define como vai ser atendimento de gestantes de alto risco pelo SUS\" width=\"1220\" height=\"686\" src=\"https:\/\/www.youtube.com\/embed\/MSpUq3VhP7c?feature=oembed\" frameborder=\"0\" allow=\"accelerometer; autoplay; clipboard-write; encrypted-media; gyroscope; picture-in-picture\" allowfullscreen><\/iframe><\/p>\n<p>&nbsp;<\/p>\n","protected":false},"excerpt":{"rendered":"<p>Folha de Londrina 16 de agosto de 2022 https:\/\/tarobanews.com\/noticias\/ciencia-e-saude\/hospital-evangelico-vai-atender-partos-de-risco-ate-conseguirmos-outra-estrutura-diz-secretario O Hospital Evang\u00e9lico, em Londrina, deve continuar operando partos de alto risco at\u00e9 o munic\u00edpio conseguir outra<span class=\"excerpt-hellip\"> [?]<\/span><\/p>\n","protected":false},"author":111,"featured_media":5541,"comment_status":"closed","ping_status":"open","sticky":false,"template":"","format":"standard","meta":{"_joinchat":[],"footnotes":""},"categories":[171],"tags":[],"class_list":["post-12347","post","type-post","status-publish","format-standard","has-post-thumbnail","hentry","category-hospital-evangelico"],"_links":{"self":[{"href":"https:\/\/www.inovelondrina.com.br\/agencia\/wp-json\/wp\/v2\/posts\/12347","targetHints":{"allow":["GET"]}}],"collection":[{"href":"https:\/\/www.inovelondrina.com.br\/agencia\/wp-json\/wp\/v2\/posts"}],"about":[{"href":"https:\/\/www.inovelondrina.com.br\/agencia\/wp-json\/wp\/v2\/types\/post"}],"author":[{"embeddable":true,"href":"https:\/\/www.inovelondrina.com.br\/agencia\/wp-json\/wp\/v2\/users\/111"}],"replies":[{"embeddable":true,"href":"https:\/\/www.inovelondrina.com.br\/agencia\/wp-json\/wp\/v2\/comments?post=12347"}],"version-history":[{"count":1,"href":"https:\/\/www.inovelondrina.com.br\/agencia\/wp-json\/wp\/v2\/posts\/12347\/revisions"}],"predecessor-version":[{"id":12348,"href":"https:\/\/www.inovelondrina.com.br\/agencia\/wp-json\/wp\/v2\/posts\/12347\/revisions\/12348"}],"wp:featuredmedia":[{"embeddable":true,"href":"https:\/\/www.inovelondrina.com.br\/agencia\/wp-json\/wp\/v2\/media\/5541"}],"wp:attachment":[{"href":"https:\/\/www.inovelondrina.com.br\/agencia\/wp-json\/wp\/v2\/media?parent=12347"}],"wp:term":[{"taxonomy":"category","embeddable":true,"href":"https:\/\/www.inovelondrina.com.br\/agencia\/wp-json\/wp\/v2\/categories?post=12347"},{"taxonomy":"post_tag","embeddable":true,"href":"https:\/\/www.inovelondrina.com.br\/agencia\/wp-json\/wp\/v2\/tags?post=12347"}],"curies":[{"name":"wp","href":"https:\/\/api.w.org\/{rel}","templated":true}]}}