{"id":12210,"date":"2020-09-16T16:30:45","date_gmt":"2020-09-16T19:30:45","guid":{"rendered":"https:\/\/www.inovelondrina.com.br\/agencia\/?p=12210"},"modified":"2022-08-29T23:39:17","modified_gmt":"2022-08-30T02:39:17","slug":"setembro-verde-honpar-e-centro-de-captacao-de-orgaos-para-transplantes","status":"publish","type":"post","link":"https:\/\/www.inovelondrina.com.br\/agencia\/setembro-verde-honpar-e-centro-de-captacao-de-orgaos-para-transplantes\/","title":{"rendered":"Setembro Verde: Honpar \u00e9 centro de capta\u00e7\u00e3o de \u00f3rg\u00e3os para transplantes"},"content":{"rendered":"<p>O m\u00eas de setembro chegou e com ele vem a conscientiza\u00e7\u00e3o sobre a import\u00e2ncia da doa\u00e7\u00e3o de \u00f3rg\u00e3os. O Brasil \u00e9 o segundo pa\u00eds no mundo que mais transplanta \u00f3rg\u00e3os e possui o maior sistema p\u00fablico de transplantes do mundo. Atualmente, cerca de 96% dos procedimentos de todo o Pa\u00eds s\u00e3o financiados pelo Sistema \u00danico de Sa\u00fade (SUS), mas esse n\u00famero poderia ser ainda maior.<\/p>\n<p>O Honpar desde 2002 faz a capta\u00e7\u00e3o de \u00f3rg\u00e3o para transplante e desde 2006 o hospital est\u00e1 credenciado a rede nacional. A coordenadora geral da Comiss\u00e3o Intra-Hospitalar de Doa\u00e7\u00e3o de \u00d3rg\u00e3os e Tecidos Para Transplantes no Honpar, Elza de Lara Bezerra, explica que existe uma busca ativa di\u00e1ria de potenciais doadores, na maioria das vezes s\u00e3o pacientes com problemas neurol\u00f3gicos que evoluem para um processo de morte encef\u00e1lica. Na maioria dos casos esses pacientes sofreram graves acidentes, tiveram um Acidente Vascular Cerebral (AVC) ou parada cardiorrespirat\u00f3ria. Para definir esses potenciais doadores o protocolo \u00e9 aberto apenas com avalia\u00e7\u00e3o m\u00e9dica comprovando a possibilidade de doa\u00e7\u00e3o e impossibilidade de recupera\u00e7\u00e3o do paciente.<\/p>\n<p>\u201cA partir do momento da avalia\u00e7\u00e3o m\u00e9dica, nossa equipe entra em contato com a fam\u00edlia para explicar a gravidade da situa\u00e7\u00e3o e depois \u00e9 aberto o protocolo. O m\u00e9dico acompanhado de um enfermeiro explica todo o processo, como \u00e9 feito o diagnostico efetivo, as fases de avalia\u00e7\u00e3o cl\u00ednica, exames laboratoriais e de imagem que complementam e definem o diagn\u00f3stico\u201d comentou.<\/p>\n<p>Elza destaca que nem todos os casos de morte encef\u00e1lica s\u00e3o certeza de doa\u00e7\u00e3o, pois a decis\u00e3o de doar os \u00f3rg\u00e3os \u00e9 da fam\u00edlia e muitas vezes acaba negando. De acordo com o Minist\u00e9rio da Sa\u00fade, uma \u00fanica pessoa pode salvar at\u00e9 dez vidas.<\/p>\n<p>De 2014 at\u00e9 abril desse ano, o Honpar captou 68 m\u00faltiplos \u00f3rg\u00e3os e 313 tecidos que envolvem globo ocular e c\u00f3rneas.<\/p>\n<p>*Como \u00e9 feita a sele\u00e7\u00e3o de quem ir\u00e1 receber o \u00f3rg\u00e3o?*<\/p>\n<p>A coordenadora explica que os \u00f3rg\u00e3os s\u00e3o distribu\u00eddos pela tipagem sangu\u00ednea, que define a compatibilidade entre doador e receptor. Em alguns \u00f3rg\u00e3os \u00e9 necess\u00e1rio fazer uma rela\u00e7\u00e3o entre o peso e a altura do receptor. Ap\u00f3s efetivada a doa\u00e7\u00e3o, a Central de Transplantes do estado \u00e9 comunicada e, atrav\u00e9s do registro de lista de espera, seleciona os receptores mais compat\u00edveis.<\/p>\n<p>*Avise sua Fam\u00edlia*<\/p>\n<p>Para Bezerra \u00e9 essencial a pessoa que deseja realizar a doa\u00e7\u00e3o de \u00f3rg\u00e3os e tecidos comunicar a \u00e0 fam\u00edlia o seu desejo, deixar bem claro que quer ser um doador de \u00f3rg\u00e3os. \u00c9 muito comum no momento do p\u00f3s-morte, os familiares estarem sensibilizados, e ter dificuldade em tomar uma decis\u00e3o. Sabendo do desejo do familiar, fica tudo mais simples e at\u00e9 confortante.<\/p>\n","protected":false},"excerpt":{"rendered":"<p>O m\u00eas de setembro chegou e com ele vem a conscientiza\u00e7\u00e3o sobre a import\u00e2ncia da doa\u00e7\u00e3o de \u00f3rg\u00e3os. O Brasil \u00e9 o segundo pa\u00eds no mundo<span class=\"excerpt-hellip\"> [?]<\/span><\/p>\n","protected":false},"author":111,"featured_media":0,"comment_status":"closed","ping_status":"open","sticky":false,"template":"","format":"standard","meta":{"_joinchat":[],"footnotes":""},"categories":[230],"tags":[],"class_list":["post-12210","post","type-post","status-publish","format-standard","hentry","category-honpar-hospital-norte-paranaense"],"_links":{"self":[{"href":"https:\/\/www.inovelondrina.com.br\/agencia\/wp-json\/wp\/v2\/posts\/12210","targetHints":{"allow":["GET"]}}],"collection":[{"href":"https:\/\/www.inovelondrina.com.br\/agencia\/wp-json\/wp\/v2\/posts"}],"about":[{"href":"https:\/\/www.inovelondrina.com.br\/agencia\/wp-json\/wp\/v2\/types\/post"}],"author":[{"embeddable":true,"href":"https:\/\/www.inovelondrina.com.br\/agencia\/wp-json\/wp\/v2\/users\/111"}],"replies":[{"embeddable":true,"href":"https:\/\/www.inovelondrina.com.br\/agencia\/wp-json\/wp\/v2\/comments?post=12210"}],"version-history":[{"count":1,"href":"https:\/\/www.inovelondrina.com.br\/agencia\/wp-json\/wp\/v2\/posts\/12210\/revisions"}],"predecessor-version":[{"id":12211,"href":"https:\/\/www.inovelondrina.com.br\/agencia\/wp-json\/wp\/v2\/posts\/12210\/revisions\/12211"}],"wp:attachment":[{"href":"https:\/\/www.inovelondrina.com.br\/agencia\/wp-json\/wp\/v2\/media?parent=12210"}],"wp:term":[{"taxonomy":"category","embeddable":true,"href":"https:\/\/www.inovelondrina.com.br\/agencia\/wp-json\/wp\/v2\/categories?post=12210"},{"taxonomy":"post_tag","embeddable":true,"href":"https:\/\/www.inovelondrina.com.br\/agencia\/wp-json\/wp\/v2\/tags?post=12210"}],"curies":[{"name":"wp","href":"https:\/\/api.w.org\/{rel}","templated":true}]}}