{"id":12147,"date":"2022-08-10T19:30:29","date_gmt":"2022-08-10T22:30:29","guid":{"rendered":"https:\/\/www.inovelondrina.com.br\/agencia\/?p=12147"},"modified":"2022-08-24T22:54:28","modified_gmt":"2022-08-25T01:54:28","slug":"influencer-e-treinadora-fisica-carol-borba-e-internada-apos-diagnostico-de-sindrome-do-utero-hiper-reativo","status":"publish","type":"post","link":"https:\/\/www.inovelondrina.com.br\/agencia\/influencer-e-treinadora-fisica-carol-borba-e-internada-apos-diagnostico-de-sindrome-do-utero-hiper-reativo\/","title":{"rendered":"Influencer e treinadora f\u00edsica Carol Borba \u00e9 internada ap\u00f3s diagn\u00f3stico de s\u00edndrome do \u00fatero hiper-reativo"},"content":{"rendered":"<h3>Gr\u00e1vida da primeira filha, instrutora fitness, de 36 anos, deu entrada em hospital de Londrina no dia 5 de agosto e segue sem previs\u00e3o de alta<\/h3>\n<header class=\"\">\n<div class=\"authorship\">\n<address id=\"article-author\">Reda\u00e7\u00e3o Quem<\/address>\n<p>10 Ago 2022 &#8211; 16h38 <span class=\"last-modified\">Atualizado em 10 Ago 2022 &#8211; 19h30<\/span><\/p>\n<\/div>\n<\/header>\n<figure><img loading=\"lazy\" decoding=\"async\" title=\"Carol Borba e Rafael Domingues (Foto: Reprodu\u00e7\u00e3o\/Instagram)\" src=\"https:\/\/s2.glbimg.com\/JRn6ccGBZ0gqKv1dmrcFiWc8yM0=\/top\/e.glbimg.com\/og\/ed\/f\/original\/2022\/08\/10\/casal.jpg\" alt=\"Carol Borba e Rafael Domingues (Foto: Reprodu\u00e7\u00e3o\/Instagram)\" width=\"620\" height=\"450\" \/><figcaption>Carol Borba e Rafael Domingues (Foto: Reprodu\u00e7\u00e3o\/Instagram)<\/figcaption><\/figure>\n<p>A influencer e treinadora f\u00edsica <strong>Carol Borba<\/strong>, de 36 anos, est\u00e1 internada desde o dia 5 de agosto no Hospital Evang\u00e9lico de Londrina, no Paran\u00e1. Isso porque a paranaense &#8211; gr\u00e1vida da primeira filha, <strong>Diana<\/strong>, com o marido, o nutricionista <strong>Rafael Domingues<\/strong>, de 38 anos &#8211; est\u00e1 enfrentando uma altera\u00e7\u00e3o na gesta\u00e7\u00e3o, a s\u00edndrome \u00fatero hiper-reativo, que provoca contra\u00e7\u00f5es do \u00fatero, conforme ela se movimenta ou faz esfor\u00e7o.<\/p>\n<p>&#8220;Estou com 33 semanas de gravidez e, para ter uma seguran\u00e7a maior na forma\u00e7\u00e3o da beb\u00ea, preciso segurar at\u00e9 a 34\u00aa semana. Estou inibindo o parto e diminuindo as contra\u00e7\u00f5es com medicamentos&#8221;, conta Carol a <strong>Quem<\/strong>, que ainda n\u00e3o tem previs\u00e3o de alta.<\/p>\n<p>Em 2021, Bianca Andrade, a <strong>Boca Rosa<\/strong>, revelou estar passando pelo mesmo problema na gesta\u00e7\u00e3o de seu filho. &#8220;Diferentemente da Bianca Andrade, eu tenho o colo do \u00fatero curto e a s\u00edndrome do \u00fatero hiper-reativo contrai e encurta ainda mais o \u00fatero, esse \u00e9 um fator extra a se preocupar&#8221;, diz Carol, que tem 2 milh\u00f5es de seguidores no Instagram, direto do hospital.<\/p>\n<p>Al\u00e9m das conta\u00e7\u00f5es, a s\u00edndrome causa o enrijecimento da barriga e fortes dores na barriga e na vagina. Em maio, a influenciadora revelou que, durante um exame de seu pr\u00e9-natal, seu m\u00e9dico descobriu que ela tinha o colo do \u00fatero curto e essa condi\u00e7\u00e3o pode ocasionar o parto prematuro. Por conta disso, Carol precisou restringir seus treinos e sua carga de esfor\u00e7o.<\/p>\n<p>&nbsp;<\/p>\n<p>Confira: <a href=\"https:\/\/revistaquem.globo.com\/QUEM-News\/noticia\/2022\/08\/influencer-e-treinadora-fisica-carol-borba-e-internada-apos-diagnostico-de-sindrome-do-utero-hiper-reativo.html\">https:\/\/revistaquem.globo.com\/QUEM-News\/noticia\/2022\/08\/influencer-e-treinadora-fisica-carol-borba-e-internada-apos-diagnostico-de-sindrome-do-utero-hiper-reativo.html<\/a><\/p>\n","protected":false},"excerpt":{"rendered":"<p>Gr\u00e1vida da primeira filha, instrutora fitness, de 36 anos, deu entrada em hospital de Londrina no dia 5 de agosto e segue sem previs\u00e3o de alta<span class=\"excerpt-hellip\"> [?]<\/span><\/p>\n","protected":false},"author":111,"featured_media":12149,"comment_status":"closed","ping_status":"open","sticky":false,"template":"","format":"standard","meta":{"_joinchat":[],"footnotes":""},"categories":[171],"tags":[],"class_list":["post-12147","post","type-post","status-publish","format-standard","has-post-thumbnail","hentry","category-hospital-evangelico"],"_links":{"self":[{"href":"https:\/\/www.inovelondrina.com.br\/agencia\/wp-json\/wp\/v2\/posts\/12147","targetHints":{"allow":["GET"]}}],"collection":[{"href":"https:\/\/www.inovelondrina.com.br\/agencia\/wp-json\/wp\/v2\/posts"}],"about":[{"href":"https:\/\/www.inovelondrina.com.br\/agencia\/wp-json\/wp\/v2\/types\/post"}],"author":[{"embeddable":true,"href":"https:\/\/www.inovelondrina.com.br\/agencia\/wp-json\/wp\/v2\/users\/111"}],"replies":[{"embeddable":true,"href":"https:\/\/www.inovelondrina.com.br\/agencia\/wp-json\/wp\/v2\/comments?post=12147"}],"version-history":[{"count":2,"href":"https:\/\/www.inovelondrina.com.br\/agencia\/wp-json\/wp\/v2\/posts\/12147\/revisions"}],"predecessor-version":[{"id":12150,"href":"https:\/\/www.inovelondrina.com.br\/agencia\/wp-json\/wp\/v2\/posts\/12147\/revisions\/12150"}],"wp:featuredmedia":[{"embeddable":true,"href":"https:\/\/www.inovelondrina.com.br\/agencia\/wp-json\/wp\/v2\/media\/12149"}],"wp:attachment":[{"href":"https:\/\/www.inovelondrina.com.br\/agencia\/wp-json\/wp\/v2\/media?parent=12147"}],"wp:term":[{"taxonomy":"category","embeddable":true,"href":"https:\/\/www.inovelondrina.com.br\/agencia\/wp-json\/wp\/v2\/categories?post=12147"},{"taxonomy":"post_tag","embeddable":true,"href":"https:\/\/www.inovelondrina.com.br\/agencia\/wp-json\/wp\/v2\/tags?post=12147"}],"curies":[{"name":"wp","href":"https:\/\/api.w.org\/{rel}","templated":true}]}}